{"id":111,"date":"2013-08-22T00:08:40","date_gmt":"2013-08-21T22:08:40","guid":{"rendered":"http:\/\/karuli.net\/blog\/?p=111"},"modified":"2013-12-27T19:59:10","modified_gmt":"2013-12-27T18:59:10","slug":"un-geant-vert-redoutable","status":"publish","type":"post","link":"http:\/\/karuli.net\/blog\/aeronefs\/un-geant-vert-redoutable\/","title":{"rendered":"Un g\u00e9ant vert redoutable"},"content":{"rendered":"<p><strong>LE 1ER PORTE-AVIONS HELL\u00c8NE<\/strong><\/p>\n<p>En octobre 2000, la Gr\u00e8ce acquiert son premier porte-avions. Anciennement connu sous le nom de Foch dans la marine nationale Fran\u00e7aise, le b\u00e2timent est officiellement rebaptis\u00e9 H\u00e9lios par le Chef des arm\u00e9es Grecque. Le porte-avions entre au service actif en janvier 2001 est devient imm\u00e9diatement la fiert\u00e9 de la flotte de combat hell\u00e8ne.<\/p>\n<p>Le Parc a\u00e9rien de l&rsquo;H\u00e9lios est compos\u00e9 d&rsquo;environ 20 a\u00e9ronefs \u00e9galement en provenance de l&rsquo;a\u00e9ronavale fran\u00e7aise :<\/p>\n<ul>\n<li>12 Dassault Super-\u00c9tendard Modernis\u00e9<\/li>\n<li>8 Vought Crusader F-8 P<\/li>\n<\/ul>\n<p>D\u00e9but 2002, l&rsquo;\u00e9tat Grec\u00a0compl\u00e8te la dotation de l&rsquo;H\u00e9lios en achetant des Douglas A-4 Skyhawk d&rsquo;occasion.<\/p>\n<p><strong>UNE PREMI\u00c8RE CONFRONTATION D\u00c9LICATE<br \/>\n<\/strong><\/p>\n<p>Lors d&rsquo;un exercice naval des forces de l&rsquo;OTAN, le Crusader est l&rsquo;objet de moqueries de la part de certains pilotes de l&rsquo;US Navy. Le camouflage \u00ab\u00a0<em>mer du sud<\/em>\u00a0\u00bb qu&rsquo;arbore le chasseur Grec lui vaut rapidement le surnom de \u00ab\u00a0G\u00e9ant vert\u00a0\u00bb (par analogie avec le personnage figurant les conserves de ma\u00efs du m\u00eame nom).<\/p>\n<p>Cette remarque ironique est assortie de comparaisons peu flatteuses avec le\u00a0Boeing F-18 E Super Hornet r\u00e9cemment arriv\u00e9 en escadron (nota bene : le Crusader a \u00e9t\u00e9 r\u00e9form\u00e9 en 1987 dans l&rsquo;US Navy ).<\/p>\n<p>Les remarques douteuses disparurent d\u00e8s les premi\u00e8res simulations de combat. Alors que les pilotes am\u00e9ricains s&rsquo;attendent \u00e0 des victoires ais\u00e9es et nombreuses, les r\u00e9sultats sont nettement plus \u00e9quilibr\u00e9s que le rapport de force pouvait le laisser supposer.<\/p>\n<p>Ces r\u00e9sultats flatteurs sont \u00e0 mettre sur le compte des pilotes Grecs dont le niveau d&rsquo;entrainement est au moins \u00e9gal \u00e0 ceux de la Navy. En second lieu, l&rsquo;\u00e9tat Grec a confi\u00e9 \u00e0 Thal\u00e8s une remise \u00e0 niveau de l&rsquo;avionique\u00a0 du Crusader, et ce, en pr\u00e9ambule \u00e0 sa mise en escadre. Sans \u00e9galer celui du F-18 E, le nouvel \u00e9quipement radar permet au Crusader de rester un adversaire redoutable dans les combats a\u00e9riens.<\/p>\n<p>A l&rsquo;issue de ces man\u0153uvres navales, certains pilotes am\u00e9ricains ont reconnus, certes un peu tard, leur manque d&rsquo;humilit\u00e9. A grand banquet offert par l&rsquo;US Navy \u00e0 la marine Grecque finalise la r\u00e9conciliation. Par courtoisie, le cuistot am\u00e9ricain s&rsquo;est bien gard\u00e9 de servir des plats accompagn\u00e9s de ma\u00efs durant ce diner.<\/p>\n<p>Extrait du livre \u00ab\u00a0Cruz&rsquo;&#8230; pour les intimes\u00a0\u00bb par Jonas LEITCH (\u00e9ditions Marmela 2)<\/p>\n<p><strong>Le Vought F-8 P Crusader Grec en maquette<\/strong><\/p>\n<p><img loading=\"lazy\" class=\"alignnone\" alt=\"\" src=\"http:\/\/farm8.staticflickr.com\/7310\/9556151369_e8c0385731_o.jpg\" width=\"564\" height=\"752\" \/><br \/>\n<img loading=\"lazy\" class=\"alignnone\" alt=\"\" src=\"http:\/\/farm8.staticflickr.com\/7455\/9556152401_bb7655f6e9_o.jpg\" width=\"752\" height=\"564\" \/><br \/>\n<img loading=\"lazy\" class=\"alignnone\" alt=\"\" src=\"http:\/\/farm4.staticflickr.com\/3749\/9556152973_8734447484_o.jpg\" width=\"752\" height=\"564\" \/><br \/>\n<img loading=\"lazy\" class=\"alignnone\" alt=\"\" src=\"http:\/\/farm4.staticflickr.com\/3820\/9556151875_6cc153ba00_o.jpg\" width=\"752\" height=\"564\" \/><br \/>\n<img loading=\"lazy\" class=\"alignnone\" alt=\"\" src=\"http:\/\/farm8.staticflickr.com\/7339\/9556150827_c72f6bf737_o.jpg\" width=\"752\" height=\"564\" \/><br \/>\n<img loading=\"lazy\" class=\"alignnone\" alt=\"\" src=\"http:\/\/farm8.staticflickr.com\/7306\/9558933044_e7ac726663_o.jpg\" width=\"752\" height=\"564\" \/><br \/>\n<img loading=\"lazy\" class=\"alignnone\" alt=\"\" src=\"http:\/\/farm6.staticflickr.com\/5350\/9556145313_0195b1deb8_o.jpg\" width=\"752\" height=\"564\" \/><br \/>\n<img loading=\"lazy\" class=\"alignnone\" alt=\"\" src=\"http:\/\/farm8.staticflickr.com\/7371\/9558933862_7d5e0bd1e6_o.jpg\" width=\"752\" height=\"564\" \/><br \/>\n<img loading=\"lazy\" class=\"alignnone\" alt=\"\" src=\"http:\/\/farm8.staticflickr.com\/7388\/9558934316_e725fc5c53_o.jpg\" width=\"752\" height=\"564\" \/><br \/>\n<img loading=\"lazy\" class=\"alignnone\" alt=\"\" src=\"http:\/\/farm4.staticflickr.com\/3738\/9558934758_19260098d4_o.jpg\" width=\"752\" height=\"564\" \/><br \/>\n<img loading=\"lazy\" class=\"alignnone\" alt=\"\" src=\"http:\/\/farm4.staticflickr.com\/3808\/9558935222_74afa1c1bb_o.jpg\" width=\"752\" height=\"564\" \/><br \/>\n<img loading=\"lazy\" class=\"alignnone\" alt=\"\" src=\"http:\/\/farm8.staticflickr.com\/7405\/9556147509_38b324221f_o.jpg\" width=\"752\" height=\"564\" \/><br \/>\n<img loading=\"lazy\" class=\"alignnone\" alt=\"\" src=\"http:\/\/farm8.staticflickr.com\/7366\/9559466268_a22df259b2_o.jpg\" width=\"752\" height=\"564\" \/><br \/>\n<img loading=\"lazy\" class=\"alignnone\" alt=\"\" src=\"http:\/\/farm8.staticflickr.com\/7437\/9558937600_ef99b74e0e_o.jpg\" width=\"752\" height=\"564\" \/><br \/>\n<img loading=\"lazy\" class=\"alignnone\" alt=\"\" src=\"http:\/\/farm3.staticflickr.com\/2828\/9556149951_aa3170ec0e_o.jpg\" width=\"752\" height=\"564\" \/><br \/>\n<img loading=\"lazy\" class=\"alignnone\" alt=\"\" src=\"http:\/\/farm8.staticflickr.com\/7360\/9556150375_b44001200c_o.jpg\" width=\"752\" height=\"564\" \/><\/p>\n<p>&nbsp;<\/p>\n","protected":false},"excerpt":{"rendered":"<p>LE 1ER PORTE-AVIONS HELL\u00c8NE En octobre 2000, la Gr\u00e8ce acquiert son premier porte-avions. Anciennement connu sous le nom de Foch dans la marine nationale Fran\u00e7aise, le b\u00e2timent est officiellement rebaptis\u00e9 H\u00e9lios par le Chef des arm\u00e9es Grecque. Le porte-avions entre au service actif en janvier 2001 est devient imm\u00e9diatement la fiert\u00e9 de la flotte de &hellip; <a href=\"http:\/\/karuli.net\/blog\/aeronefs\/un-geant-vert-redoutable\/\" class=\"more-link\">Continuer la lecture de <span class=\"screen-reader-text\">Un g\u00e9ant vert redoutable<\/span> <span class=\"meta-nav\">&rarr;<\/span><\/a><\/p>\n","protected":false},"author":3,"featured_media":0,"comment_status":"open","ping_status":"open","sticky":false,"template":"","format":"standard","meta":{"_exactmetrics_skip_tracking":false,"_exactmetrics_sitenote_active":false,"_exactmetrics_sitenote_note":"","_exactmetrics_sitenote_category":0,"spay_email":"","jetpack_publicize_message":"","jetpack_is_tweetstorm":false},"categories":[8,48],"tags":[23,30,190,49],"yoast_head":"<!-- This site is optimized with the Yoast SEO plugin v16.9 - https:\/\/yoast.com\/wordpress\/plugins\/seo\/ -->\n<meta name=\"robots\" content=\"index, follow, max-snippet:-1, max-image-preview:large, max-video-preview:-1\" \/>\n<link rel=\"canonical\" href=\"https:\/\/karuli.net\/blog\/aeronefs\/un-geant-vert-redoutable\/\" \/>\n<meta property=\"og:locale\" content=\"fr_FR\" \/>\n<meta property=\"og:type\" content=\"article\" \/>\n<meta property=\"og:title\" content=\"Un g\u00e9ant vert redoutable - Plan\u00e8te sletch\" \/>\n<meta property=\"og:description\" content=\"LE 1ER PORTE-AVIONS HELL\u00c8NE En octobre 2000, la Gr\u00e8ce acquiert son premier porte-avions. Anciennement connu sous le nom de Foch dans la marine nationale Fran\u00e7aise, le b\u00e2timent est officiellement rebaptis\u00e9 H\u00e9lios par le Chef des arm\u00e9es Grecque. Le porte-avions entre au service actif en janvier 2001 est devient imm\u00e9diatement la fiert\u00e9 de la flotte de &hellip; Continuer la lecture de Un g\u00e9ant vert redoutable &rarr;\" \/>\n<meta property=\"og:url\" content=\"https:\/\/karuli.net\/blog\/aeronefs\/un-geant-vert-redoutable\/\" \/>\n<meta property=\"og:site_name\" content=\"Plan\u00e8te sletch\" \/>\n<meta property=\"article:publisher\" content=\"https:\/\/www.facebook.com\/planete.sletch.3\" \/>\n<meta property=\"article:published_time\" content=\"2013-08-21T22:08:40+00:00\" \/>\n<meta property=\"article:modified_time\" content=\"2013-12-27T18:59:10+00:00\" \/>\n<meta property=\"og:image\" content=\"http:\/\/farm8.staticflickr.com\/7310\/9556151369_e8c0385731_o.jpg\" \/>\n<meta name=\"twitter:card\" content=\"summary\" \/>\n<meta name=\"twitter:label1\" content=\"\u00c9crit par\" \/>\n\t<meta name=\"twitter:data1\" content=\"sletch\" \/>\n\t<meta name=\"twitter:label2\" content=\"Dur\u00e9e de lecture est.\" \/>\n\t<meta name=\"twitter:data2\" content=\"2 minutes\" \/>\n<script type=\"application\/ld+json\" class=\"yoast-schema-graph\">{\"@context\":\"https:\/\/schema.org\",\"@graph\":[{\"@type\":\"WebSite\",\"@id\":\"http:\/\/karuli.net\/blog\/#website\",\"url\":\"http:\/\/karuli.net\/blog\/\",\"name\":\"Plan\\u00e8te sletch\",\"description\":\"Le fief de la maquette\",\"potentialAction\":[{\"@type\":\"SearchAction\",\"target\":{\"@type\":\"EntryPoint\",\"urlTemplate\":\"http:\/\/karuli.net\/blog\/?s={search_term_string}\"},\"query-input\":\"required name=search_term_string\"}],\"inLanguage\":\"fr-FR\"},{\"@type\":\"ImageObject\",\"@id\":\"https:\/\/karuli.net\/blog\/aeronefs\/un-geant-vert-redoutable\/#primaryimage\",\"inLanguage\":\"fr-FR\",\"url\":\"http:\/\/farm8.staticflickr.com\/7310\/9556151369_e8c0385731_o.jpg\",\"contentUrl\":\"http:\/\/farm8.staticflickr.com\/7310\/9556151369_e8c0385731_o.jpg\"},{\"@type\":\"WebPage\",\"@id\":\"https:\/\/karuli.net\/blog\/aeronefs\/un-geant-vert-redoutable\/#webpage\",\"url\":\"https:\/\/karuli.net\/blog\/aeronefs\/un-geant-vert-redoutable\/\",\"name\":\"Un g\\u00e9ant vert redoutable - Plan\\u00e8te sletch\",\"isPartOf\":{\"@id\":\"http:\/\/karuli.net\/blog\/#website\"},\"primaryImageOfPage\":{\"@id\":\"https:\/\/karuli.net\/blog\/aeronefs\/un-geant-vert-redoutable\/#primaryimage\"},\"datePublished\":\"2013-08-21T22:08:40+00:00\",\"dateModified\":\"2013-12-27T18:59:10+00:00\",\"author\":{\"@id\":\"http:\/\/karuli.net\/blog\/#\/schema\/person\/3658ba0f5c9394c14578b8b6587b07b7\"},\"breadcrumb\":{\"@id\":\"https:\/\/karuli.net\/blog\/aeronefs\/un-geant-vert-redoutable\/#breadcrumb\"},\"inLanguage\":\"fr-FR\",\"potentialAction\":[{\"@type\":\"ReadAction\",\"target\":[\"https:\/\/karuli.net\/blog\/aeronefs\/un-geant-vert-redoutable\/\"]}]},{\"@type\":\"BreadcrumbList\",\"@id\":\"https:\/\/karuli.net\/blog\/aeronefs\/un-geant-vert-redoutable\/#breadcrumb\",\"itemListElement\":[{\"@type\":\"ListItem\",\"position\":1,\"name\":\"Accueil\",\"item\":\"http:\/\/karuli.net\/blog\/\"},{\"@type\":\"ListItem\",\"position\":2,\"name\":\"Un g\\u00e9ant vert redoutable\"}]},{\"@type\":\"Person\",\"@id\":\"http:\/\/karuli.net\/blog\/#\/schema\/person\/3658ba0f5c9394c14578b8b6587b07b7\",\"name\":\"sletch\",\"image\":{\"@type\":\"ImageObject\",\"@id\":\"http:\/\/karuli.net\/blog\/#personlogo\",\"inLanguage\":\"fr-FR\",\"url\":\"http:\/\/1.gravatar.com\/avatar\/1c1f19af7dc9701b85016e467f549416?s=96&d=mm&r=g\",\"contentUrl\":\"http:\/\/1.gravatar.com\/avatar\/1c1f19af7dc9701b85016e467f549416?s=96&d=mm&r=g\",\"caption\":\"sletch\"},\"url\":\"http:\/\/karuli.net\/blog\/author\/sletch\/\"}]}<\/script>\n<!-- \/ Yoast SEO plugin. -->","yoast_head_json":{"robots":{"index":"index","follow":"follow","max-snippet":"max-snippet:-1","max-image-preview":"max-image-preview:large","max-video-preview":"max-video-preview:-1"},"canonical":"https:\/\/karuli.net\/blog\/aeronefs\/un-geant-vert-redoutable\/","og_locale":"fr_FR","og_type":"article","og_title":"Un g\u00e9ant vert redoutable - Plan\u00e8te sletch","og_description":"LE 1ER PORTE-AVIONS HELL\u00c8NE En octobre 2000, la Gr\u00e8ce acquiert son premier porte-avions. Anciennement connu sous le nom de Foch dans la marine nationale Fran\u00e7aise, le b\u00e2timent est officiellement rebaptis\u00e9 H\u00e9lios par le Chef des arm\u00e9es Grecque. Le porte-avions entre au service actif en janvier 2001 est devient imm\u00e9diatement la fiert\u00e9 de la flotte de &hellip; Continuer la lecture de Un g\u00e9ant vert redoutable &rarr;","og_url":"https:\/\/karuli.net\/blog\/aeronefs\/un-geant-vert-redoutable\/","og_site_name":"Plan\u00e8te sletch","article_publisher":"https:\/\/www.facebook.com\/planete.sletch.3","article_published_time":"2013-08-21T22:08:40+00:00","article_modified_time":"2013-12-27T18:59:10+00:00","og_image":[{"url":"http:\/\/farm8.staticflickr.com\/7310\/9556151369_e8c0385731_o.jpg"}],"twitter_card":"summary","twitter_misc":{"\u00c9crit par":"sletch","Dur\u00e9e de lecture est.":"2 minutes"},"schema":{"@context":"https:\/\/schema.org","@graph":[{"@type":"WebSite","@id":"http:\/\/karuli.net\/blog\/#website","url":"http:\/\/karuli.net\/blog\/","name":"Plan\u00e8te sletch","description":"Le fief de la maquette","potentialAction":[{"@type":"SearchAction","target":{"@type":"EntryPoint","urlTemplate":"http:\/\/karuli.net\/blog\/?s={search_term_string}"},"query-input":"required name=search_term_string"}],"inLanguage":"fr-FR"},{"@type":"ImageObject","@id":"https:\/\/karuli.net\/blog\/aeronefs\/un-geant-vert-redoutable\/#primaryimage","inLanguage":"fr-FR","url":"http:\/\/farm8.staticflickr.com\/7310\/9556151369_e8c0385731_o.jpg","contentUrl":"http:\/\/farm8.staticflickr.com\/7310\/9556151369_e8c0385731_o.jpg"},{"@type":"WebPage","@id":"https:\/\/karuli.net\/blog\/aeronefs\/un-geant-vert-redoutable\/#webpage","url":"https:\/\/karuli.net\/blog\/aeronefs\/un-geant-vert-redoutable\/","name":"Un g\u00e9ant vert redoutable - Plan\u00e8te sletch","isPartOf":{"@id":"http:\/\/karuli.net\/blog\/#website"},"primaryImageOfPage":{"@id":"https:\/\/karuli.net\/blog\/aeronefs\/un-geant-vert-redoutable\/#primaryimage"},"datePublished":"2013-08-21T22:08:40+00:00","dateModified":"2013-12-27T18:59:10+00:00","author":{"@id":"http:\/\/karuli.net\/blog\/#\/schema\/person\/3658ba0f5c9394c14578b8b6587b07b7"},"breadcrumb":{"@id":"https:\/\/karuli.net\/blog\/aeronefs\/un-geant-vert-redoutable\/#breadcrumb"},"inLanguage":"fr-FR","potentialAction":[{"@type":"ReadAction","target":["https:\/\/karuli.net\/blog\/aeronefs\/un-geant-vert-redoutable\/"]}]},{"@type":"BreadcrumbList","@id":"https:\/\/karuli.net\/blog\/aeronefs\/un-geant-vert-redoutable\/#breadcrumb","itemListElement":[{"@type":"ListItem","position":1,"name":"Accueil","item":"http:\/\/karuli.net\/blog\/"},{"@type":"ListItem","position":2,"name":"Un g\u00e9ant vert redoutable"}]},{"@type":"Person","@id":"http:\/\/karuli.net\/blog\/#\/schema\/person\/3658ba0f5c9394c14578b8b6587b07b7","name":"sletch","image":{"@type":"ImageObject","@id":"http:\/\/karuli.net\/blog\/#personlogo","inLanguage":"fr-FR","url":"http:\/\/1.gravatar.com\/avatar\/1c1f19af7dc9701b85016e467f549416?s=96&d=mm&r=g","contentUrl":"http:\/\/1.gravatar.com\/avatar\/1c1f19af7dc9701b85016e467f549416?s=96&d=mm&r=g","caption":"sletch"},"url":"http:\/\/karuli.net\/blog\/author\/sletch\/"}]}},"jetpack_featured_media_url":"","jetpack_publicize_connections":[],"jetpack_sharing_enabled":true,"jetpack_shortlink":"https:\/\/wp.me\/p7txMJ-1N","jetpack-related-posts":[{"id":1190,"url":"http:\/\/karuli.net\/blog\/aeronefs\/chasseur-de-porcelaine\/","url_meta":{"origin":111,"position":0},"title":"Le chasseur de porcelaine","date":"28\/12\/2016","format":false,"excerpt":"Commun\u00e9ment appel\u00e9 \"The hunters\" (litt\u00e9ralement \"les chasseurs\"), le Fighter Squadron 162 fut cr\u00e9\u00e9 le 26 octobre 1946. Embl\u00e8me de l'escadron VF-162 (source wikimedia) L'escadron vola tout d'abord sur des Vought F4U-4 Corsair, alors omnipr\u00e9sents dans l'US Navy. Vought F4U (source wikimedia) La VF 162 bascula deux ans plus tard sur\u2026","rel":"","context":"Dans &quot;A\u00e9ronefs&quot;","img":{"alt_text":"","src":"","width":0,"height":0},"classes":[]},{"id":1117,"url":"http:\/\/karuli.net\/blog\/revue-de-kits\/revue-vought-f-8e-crusader-academy-12521\/","url_meta":{"origin":111,"position":1},"title":"Revue Vought F-8E Crusader [Academy 12521]","date":"21\/09\/2016","format":false,"excerpt":"Mercredi 21\/09\/16 Bonsoir, Voici la revue du Vought F-8E Crusader en version Academy : On commence par les grappes : Les vitrages sont limpides : La d\u00e9coration propos\u00e9e est 100 % US. Il faut dire que cette version n'a \u00e9t\u00e9 utilis\u00e9 que par les USA et les Philippines alors forc\u00e9ment...\u2026","rel":"","context":"Dans &quot;Revue de kits&quot;","img":{"alt_text":"","src":"","width":0,"height":0},"classes":[]},{"id":236,"url":"http:\/\/karuli.net\/blog\/aeronefs\/les-deltas-hellenes\/","url_meta":{"origin":111,"position":2},"title":"Les deltas Hell\u00e8nes","date":"02\/11\/2013","format":false,"excerpt":"HISTORIQUE A la fin des ann\u00e9es 70, la Gr\u00e8ce se mis en qu\u00eate d'un intercepteur pour sa force a\u00e9rienne (\u03a0\u03bf\u03bb\u03b5\u03bc\u03b9\u03ba\u1f74 \u1f08\u03b5\u03c1\u03bf\u03c0\u03bf\u03c1\u03af\u03b1). A cette \u00e9poque, le Convair F-102 Delta Dagger formait l'ossature principale de la composante chasse de ce pays. Except\u00e9 un co\u00fbt d'entretien prohibitif, cet appareil apportait toute satisfaction \u00e0\u2026","rel":"","context":"Dans &quot;A\u00e9ronefs&quot;","img":{"alt_text":"","src":"","width":0,"height":0},"classes":[]},{"id":1218,"url":"http:\/\/karuli.net\/blog\/detail-des-montages\/montage-vought-f-8e-crusader-academy-172\/","url_meta":{"origin":111,"position":3},"title":"Montage Vought F-8E Crusader [Academy 1\/72]","date":"15\/02\/2017","format":false,"excerpt":"Mardi 20 Sep 2016 - 22:45 Bonsoir, Pour ce nouveau montage, j'ai choisi ce superbe kit made by Academy : ... que je connais pour l'avoir assembl\u00e9e en version \"P\" : ... mais \u00e0 la sauce Grecque : Ce sera tout pour aujourd'hui car je suis un peu KO apr\u00e8s\u2026","rel":"","context":"Dans &quot;D\u00e9tail des montages&quot;","img":{"alt_text":"","src":"","width":0,"height":0},"classes":[]},{"id":595,"url":"http:\/\/karuli.net\/blog\/aeronefs\/les-feuilles-mortes\/","url_meta":{"origin":111,"position":4},"title":"Les feuilles mortes","date":"19\/06\/2014","format":false,"excerpt":"Apr\u00e8s un court\u00a0processus de s\u00e9lection, la Marine nationale Fran\u00e7aise fait l'acquisition du Vought F-5U Manta pour \u00e9quiper ses porte-a\u00e9ronefs. Pour le constructeur am\u00e9ricain, il s'agissait du premier client de\u00a0cet appareil qui n'avait pas \u00e9t\u00e9 retenu par l'US Navy. Cette mise en service repr\u00e9sentait \u00e9galement une premi\u00e8re mondiale. En effet, aucune\u2026","rel":"","context":"Dans &quot;A\u00e9ronefs&quot;","img":{"alt_text":"","src":"","width":0,"height":0},"classes":[]},{"id":847,"url":"http:\/\/karuli.net\/blog\/aeronefs\/red-angel\/","url_meta":{"origin":111,"position":5},"title":"Red Angel","date":"02\/09\/2015","format":false,"excerpt":"Le 1er mai 1957, l'US Navy et la Royal navy se r\u00e9unirent pour une opposition amicale entre leurs patrouilles acrobatiques respectives. Les Blues angels am\u00e9ricains pr\u00e9sentaient pour la premi\u00e8re fois leur nouvelle monture, le Vought F7U Cutlass. Ce chasseur exigeant affichait des formes peu communes. Source photo : Aerobaticteams.net Les\u2026","rel":"","context":"Dans &quot;A\u00e9ronefs&quot;","img":{"alt_text":"","src":"","width":0,"height":0},"classes":[]}],"_links":{"self":[{"href":"http:\/\/karuli.net\/blog\/wp-json\/wp\/v2\/posts\/111"}],"collection":[{"href":"http:\/\/karuli.net\/blog\/wp-json\/wp\/v2\/posts"}],"about":[{"href":"http:\/\/karuli.net\/blog\/wp-json\/wp\/v2\/types\/post"}],"author":[{"embeddable":true,"href":"http:\/\/karuli.net\/blog\/wp-json\/wp\/v2\/users\/3"}],"replies":[{"embeddable":true,"href":"http:\/\/karuli.net\/blog\/wp-json\/wp\/v2\/comments?post=111"}],"version-history":[{"count":8,"href":"http:\/\/karuli.net\/blog\/wp-json\/wp\/v2\/posts\/111\/revisions"}],"predecessor-version":[{"id":170,"href":"http:\/\/karuli.net\/blog\/wp-json\/wp\/v2\/posts\/111\/revisions\/170"}],"wp:attachment":[{"href":"http:\/\/karuli.net\/blog\/wp-json\/wp\/v2\/media?parent=111"}],"wp:term":[{"taxonomy":"category","embeddable":true,"href":"http:\/\/karuli.net\/blog\/wp-json\/wp\/v2\/categories?post=111"},{"taxonomy":"post_tag","embeddable":true,"href":"http:\/\/karuli.net\/blog\/wp-json\/wp\/v2\/tags?post=111"}],"curies":[{"name":"wp","href":"https:\/\/api.w.org\/{rel}","templated":true}]}}