{"id":1394,"date":"2018-10-18T22:54:50","date_gmt":"2018-10-18T20:54:50","guid":{"rendered":"http:\/\/karuli.net\/blog\/?p=1394"},"modified":"2018-10-18T23:29:00","modified_gmt":"2018-10-18T21:29:00","slug":"montage-nissan-r89c-calsonic-hasegawa-1-24","status":"publish","type":"post","link":"http:\/\/karuli.net\/blog\/detail-des-montages\/montage-nissan-r89c-calsonic-hasegawa-1-24\/","title":{"rendered":"Montage Nissan R89C Calsonic [Hasegawa 1\/24]"},"content":{"rendered":"\n<p>Jeudi 16 octobre 2016<\/p>\n\n\n\n<p>Bonsoir,<\/p>\n\n\n\n<p>J&rsquo;ai d\u00e9marr\u00e9 l&rsquo;assemblage d&rsquo;une Nissan R89C !<\/p>\n\n\n\n<p><\/p>\n\n\n\n<figure class=\"wp-block-image\"><img src=\"https:\/\/c1.staticflickr.com\/1\/324\/18564740904_42bafce844_b.jpg\" alt=\"\"\/><\/figure>\n\n\n\n<p>Ceux qui suivent mes modestes aventures, se souviendront peut-\u00eatre que j&rsquo;en avais fait une revue ici :&nbsp;<a href=\"http:\/\/karuli.net\/blog\/revue-de-kits\/revue-nissan-r89c-calsonic-hasegawa-20245\/\">http:\/\/www.lesmaquettistes.com\/t1507-revue-nissan-r89c-calsonic-hasegawa-1-24<\/a><\/p>\n\n\n\n<p>Pour \u00eatre honn\u00eate, il y a bien longtemps que je suis rang\u00e9 des voitures. Aussi, ce kit simple achet\u00e9 \u00e0 vil prix, me permettra de me faire la main avant d&rsquo;attaquer d&rsquo;autres bo\u00eetes plus complexes (qui dorment sagement dans mon stock). Pour l&rsquo;instant, j&rsquo;en suis aux toutes premi\u00e8res phases de montage et de peinture. Rien de tr\u00e8s spectaculaire, donc.&nbsp;<\/p>\n\n\n\n<p>J&rsquo;ai commenc\u00e9 par mettre \u00ab\u00a0en couleur\u00a0\u00bb l&rsquo;habitacle. Comme, il s&rsquo;agissait de peindre en noir du plastique noir,&nbsp;et que m\u00eame que c&rsquo;est plut\u00f4t p\u00e9nible car on ne voit pas ce que l&rsquo;on fait, &nbsp;j&rsquo;ai test\u00e9 une technique lue sur un forum : le vernissage de plastique nu.&nbsp;<\/p>\n\n\n\n<p>Bon pour \u00eatre franc, je suis un peu dubitatif. Mon vernis Pebeo satin\u00e9e (acrylique) m&rsquo;a un peu d\u00e9\u00e7u sur ce coup l\u00e0. On voit \u00e7a et l\u00e0 des coups de pinceaux et le vernis laisse comme une voile blanch\u00e2tre. Le tableau de bord \u00e9tait tellement laid que je l&rsquo;ai d\u00e9cap\u00e9 (trois d\u00e9capages sur mes trois derniers kits !!!). Dans l&rsquo;habitacle, c&rsquo;est pas terrible mais on va faire avec&#8230;&nbsp;<\/p>\n\n\n\n<p><\/p>\n\n\n\n<figure class=\"wp-block-image\"><img src=\"https:\/\/c2.staticflickr.com\/6\/5506\/30130604502_e2d1aa91df_o.jpg\" alt=\"\"\/><\/figure>\n\n\n\n<p>J&rsquo;ai \u00e9galement peins le si\u00e8ge-baquet :&nbsp;<\/p>\n\n\n\n<p><\/p>\n\n\n\n<figure class=\"wp-block-image\"><img src=\"https:\/\/c1.staticflickr.com\/9\/8228\/29909805021_8eb5516b18_o.jpg\" alt=\"\"\/><\/figure>\n\n\n\n<p>Deux couleurs et un liser\u00e9 :<\/p>\n\n\n\n<p>&#8211; le noir qui n&rsquo;est autre que le plastique noir verni (la l&rsquo;effet est r\u00e9ussi)<br>&#8211; le liser\u00e9 qui n&rsquo;est autre que de la bande cache de 0.5 mm (celle pos\u00e9e juste derri\u00e8re le si\u00e8ge)<br>&#8211; le mauve qui rend tr\u00e8s mal \u00e0 la photo car il s&rsquo;agit en fait d&rsquo;un pot Tamiya X-16 purple :&nbsp;<\/p>\n\n\n\n<p><\/p>\n\n\n\n<figure class=\"wp-block-image\"><img src=\"http:\/\/www.16escadron.eu\/283546-home_default\/x16-purple-10ml.jpg\" alt=\"\"\/><\/figure>\n\n\n\n<p>Enfin, j&rsquo;ai termin\u00e9 en \u00e9vidant les pots d&rsquo;\u00e9chappement :&nbsp;<\/p>\n\n\n\n<p>Avant et pendant le per\u00e7age :&nbsp;<\/p>\n\n\n\n<p><\/p>\n\n\n\n<figure class=\"wp-block-image\"><img src=\"https:\/\/c2.staticflickr.com\/6\/5545\/29615175924_b8b95bb854_o.jpg\" alt=\"\"\/><\/figure>\n\n\n\n<p>Apr\u00e8s :&nbsp;<\/p>\n\n\n\n<p><\/p>\n\n\n\n<figure class=\"wp-block-image\"><img src=\"https:\/\/c2.staticflickr.com\/6\/5345\/30130604032_b6dfa33458_o.jpg\" alt=\"\"\/><\/figure>\n\n\n\n<p>Je n&rsquo;ose pas trop aller plus loin de peur de faire pire que mieux&#8230;&nbsp;<\/p>\n\n\n\n<p>Ne vous attendez pas \u00e0 des mises \u00e0 jour rapproch\u00e9es car je vais avancer tout doucement sur ce kit (dit-il de mani\u00e8re presque ironique puisque ses autres montages n\u2019avan\u00e7aient gu\u00e8re plus vite)<\/p>\n\n\n\n<p>A bient\u00f4t pour de roulantes aventures.&nbsp;<\/p>\n\n\n\n<p>Fr\u00e9d\u00e9ric<\/p>\n\n\n\n<p>** ** ** ** ** ** ** ** ** ** ** ** **&nbsp;<\/p>\n\n\n\n<p>Sam 29 Oct 2016 &#8211; 15:42<\/p>\n\n\n\n<p>Bonjour,&nbsp;<br><\/p>\n\n\n\n<p>Voila ou j&rsquo;en suis&#8230;<\/p>\n\n\n\n<p><strong>VOIR LA VIE EN NOIRE<\/strong><\/p>\n\n\n\n<p>Je n&rsquo;exag\u00e9rais pas en disant que j&rsquo;\u00e9tais dans une phase de sous-couchage peu int\u00e9ressante. Le peinturlurage en noir est rendu complexe par la forme tortur\u00e9e des pi\u00e8ces et l&rsquo;impr\u00e9cision de la notice.&nbsp;<\/p>\n\n\n\n<p>Vue d&rsquo;ensemble avec l&rsquo;habitacle que j&rsquo;ai finalement repeins en noir (Humbrol 33). Exit mon test d&rsquo;appliquer directement du vernis sur le plastique brut. Si c&rsquo;\u00e9tait \u00e0 refaire, je d\u00e9glacerais d&rsquo;abord le plastique en passant du micromesh ou de la laine su\u00e9doise.&nbsp;<\/p>\n\n\n\n<p><\/p>\n\n\n\n<figure class=\"wp-block-image\"><img src=\"https:\/\/c2.staticflickr.com\/6\/5791\/30225447010_0495129bc7_o.jpg\" alt=\"\"\/><\/figure>\n\n\n\n<p>Radiateurs et spoiler. Concernant ce dernier les essais de mise en place \u00e0 blanc ne sont pas tr\u00e8s encourageant. Cette remarque vaut d&rsquo;ailleurs pour beaucoup de pi\u00e8ces de ce kit dont la mise en place est assez&#8230; optimiste ! Dans la r\u00e9alit\u00e9 du montage, on per\u00e7oit de suite que certains collage ne tiendront pas longtemps voire pas du tout.&nbsp;<\/p>\n\n\n\n<p><\/p>\n\n\n\n<figure class=\"wp-block-image\"><img src=\"https:\/\/c2.staticflickr.com\/6\/5676\/30407220012_52c60aa04b_o.jpg\" alt=\"\"\/><\/figure>\n\n\n\n<p>J&rsquo;ai logiquement peins le plafond mais aussi l\u00a0\u00bbint\u00e9rieur de l&rsquo;aile. Merci au plan qui ne donne aucune indication dans ce sens. C&rsquo;est en faisant le montage \u00e0 blanc que j&rsquo;ai d\u00e9couvert des zones non peintes assez visibles. A d\u00e9faut, le pourtour des roues auraient \u00e9t\u00e9 de la couleur du plastique soit : blanc ET noir&#8230;<\/p>\n\n\n\n<p><\/p>\n\n\n\n<figure class=\"wp-block-image\"><img src=\"https:\/\/c2.staticflickr.com\/6\/5506\/30225446840_e5fd94e337_o.jpg\" alt=\"\"\/><\/figure>\n\n\n\n<p><strong>HISTOIRE D&rsquo;AILERON<\/strong><\/p>\n\n\n\n<p>Avant m\u00eame de d\u00e9marrer ce kit, j&rsquo;ai d\u00e9cid\u00e9 d&rsquo;en faire une version civile. La question \u00e9tait donc de savoir comme rendre le gros ailerons \u00ab\u00a0course\u00a0\u00bb en quelque chose de moins typ\u00e9. J&rsquo;ai donc utilis\u00e9 toute mes comp\u00e9tences en retouche d&rsquo;image (c&rsquo;est \u00e0 dire pas grand chose) pour projeter les options :&nbsp;<\/p>\n\n\n\n<p>Au d\u00e9part, le kit ressemble \u00e0 \u00e7a :&nbsp;<\/p>\n\n\n\n<p><\/p>\n\n\n\n<figure class=\"wp-block-image\"><img src=\"https:\/\/c2.staticflickr.com\/6\/5674\/30638913635_1e5cbf7f84.jpg\" alt=\"\"\/><\/figure>\n\n\n\n<p><strong>1\u00e8re option<\/strong>&nbsp;: un gros aileron monobloc&nbsp;<br><\/p>\n\n\n\n<figure class=\"wp-block-image\"><img src=\"https:\/\/c2.staticflickr.com\/6\/5460\/30638913705_8df1cc63c2.jpg\" alt=\"\"\/><\/figure>\n\n\n\n<p>Mon avis : bof bof&#8230; Outre le fait que ce look existe d\u00e9j\u00e0&nbsp;<br><\/p>\n\n\n\n<figure class=\"wp-block-image\"><img src=\"http:\/\/pre03.deviantart.net\/8588\/th\/pre\/f\/2012\/127\/4\/a\/nissan_r89c_r92cp_by_strayshadows-d4yvtn3.png\" alt=\"\"\/><\/figure>\n\n\n\n<p>Cela renforce le c\u00f4t\u00e9 course. De plus l&rsquo;ensemble risque d&rsquo;\u00eatre assez lourd et fragiliser le support de l&rsquo;aileron horizontal&nbsp;<\/p>\n\n\n\n<p><strong>2\u00e8me option<\/strong>&nbsp;: un aileron horizontal classique mais des plans verticaux raccourcis.&nbsp;<br><\/p>\n\n\n\n<figure class=\"wp-block-image\"><img src=\"https:\/\/c2.staticflickr.com\/6\/5694\/30522152632_81f23cc868.jpg\" alt=\"\"\/><\/figure>\n\n\n\n<p>Mon avis : En fait, ce type d&rsquo;aileron existe r\u00e9ellement.Toutefois, le mat vertical est raccourci.&nbsp;<br><\/p>\n\n\n\n<figure class=\"wp-block-image\"><img src=\"http:\/\/www.super-hobby.fr\/zdjecia\/9\/5\/5\/981_rd.jpg\" alt=\"\"\/><\/figure>\n\n\n\n<p>Comme vous le verrez plus bas, le mat est assez complexe. A moins d&rsquo;une reconstruction compl\u00e8te, son r\u00e9tr\u00e9cissement serait plut\u00f4t hasardeux.&nbsp;<\/p>\n\n\n\n<p><strong>3\u00e8me option<\/strong>&nbsp;: Suppression des plans verticaux<br><\/p>\n\n\n\n<figure class=\"wp-block-image\"><img src=\"https:\/\/c2.staticflickr.com\/6\/5816\/30522152792_899108824e.jpg\" alt=\"\"\/><\/figure>\n\n\n\n<p>Mon avis : Tr\u00e8s sympa m\u00eame si on reste toujours dans une ambiance course.<\/p>\n\n\n\n<p><strong>4\u00e8me option<\/strong>&nbsp;: Aucun aileron<br><\/p>\n\n\n\n<figure class=\"wp-block-image\"><img src=\"https:\/\/c2.staticflickr.com\/6\/5340\/30522152482_6da869d38b.jpg\" alt=\"\"\/><\/figure>\n\n\n\n<p>Mon avis : Mon premier choix car je la trouve tr\u00e8s belle comme \u00e7a. L&rsquo;id\u00e9e est de lui donner un look de sportive comme l&rsquo;Audi TT, la R8 ou la BMW i8.&nbsp;<br><\/p>\n\n\n\n<figure class=\"wp-block-image\"><img src=\"https:\/\/upload.wikimedia.org\/wikipedia\/commons\/thumb\/9\/93\/2015_BMW_i8_(20039281571)_(2).jpg\/280px-2015_BMW_i8_(20039281571)_(2).jpg\" alt=\"\"\/><\/figure>\n\n\n\n<p>Le hic est que tout ces sportives sont nettement nettement moins agressives au niveau du design. En clair, l&rsquo;avant de la Nissan est et reste celui d&rsquo;une voiture de course.&nbsp;<\/p>\n\n\n\n<p>In fine, je n&rsquo;ai pas encore d\u00e9cid\u00e9. Je vais continuer \u00e0 avancer sur la version de base. Je modifierais l&rsquo;aileron au vue de l&rsquo;effet donn\u00e9 par la peinture de l&rsquo;ensemble.&nbsp;<\/p>\n\n\n\n<p>A suivre&#8230;&nbsp;<\/p>\n\n\n\n<p><strong>MOTEUR !<\/strong><\/p>\n\n\n\n<p>Le montage du moteur n&rsquo;est pas un challenge en soi. Le bloc est tr\u00e8s simple et assez peu r\u00e9aliste en fait. La complexit\u00e9 vient du mat qui suport l&rsquo;aileron.&nbsp;<\/p>\n\n\n\n<p><\/p>\n\n\n\n<figure class=\"wp-block-image\"><img src=\"https:\/\/c1.staticflickr.com\/9\/8678\/30500186241_c1e800b63f_o.jpg\" alt=\"\"\/><\/figure>\n\n\n\n<p>Pourquoi ? Parce qu&rsquo;une des deux pi\u00e8ces est voil\u00e9e comme on peut le voir sur ce montage \u00e0 blanc :&nbsp;<\/p>\n\n\n\n<p><\/p>\n\n\n\n<figure class=\"wp-block-image\"><img src=\"https:\/\/c2.staticflickr.com\/6\/5793\/30500186341_8335224b6b_o.jpg\" alt=\"\"\/><\/figure>\n\n\n\n<p>Pas simple \u00e0 rectifier car la pi\u00e8ce est tr\u00e8s fine. J&rsquo;ai choisi de coller le tout \u00e0 la cyano et de forcer le (d\u00e9)vrillage de la pi\u00e8ce avec un baton de glace&nbsp;<\/p>\n\n\n\n<p><\/p>\n\n\n\n<figure class=\"wp-block-image\"><img src=\"https:\/\/c2.staticflickr.com\/6\/5539\/30500186151_5ced959750_o.jpg\" alt=\"\"\/><\/figure>\n\n\n\n<p>Le r\u00e9sultat est globalement bon<\/p>\n\n\n\n<p><\/p>\n\n\n\n<figure class=\"wp-block-image\"><img src=\"https:\/\/c2.staticflickr.com\/6\/5723\/30500186441_9f8ea34691_o.jpg\" alt=\"\"\/><\/figure>\n\n\n\n<p>J&rsquo;ai donc continu\u00e9, la mise en place sur le chassis de ce \u00ab\u00a0beau lead\u00a0\u00bb<\/p>\n\n\n\n<p><\/p>\n\n\n\n<figure class=\"wp-block-image\"><img src=\"https:\/\/c2.staticflickr.com\/6\/5651\/30500186651_22113ac931_o.jpg\" alt=\"\"\/><\/figure>\n\n\n\n<p><strong>VUE AERIENNE<\/strong><\/p>\n\n\n\n<p>Pour le fun, voila ce que donne l&rsquo;assemblage des grands ensembles :&nbsp;<\/p>\n\n\n\n<p><\/p>\n\n\n\n<figure class=\"wp-block-image\"><img src=\"https:\/\/c2.staticflickr.com\/6\/5487\/30500186771_e85b04f189_o.jpg\" alt=\"\"\/><\/figure>\n\n\n\n<figure class=\"wp-block-image\"><img src=\"https:\/\/c2.staticflickr.com\/6\/5528\/30500186911_b166b2112b_o.jpg\" alt=\"\"\/><\/figure>\n\n\n\n<figure class=\"wp-block-image\"><img src=\"https:\/\/c2.staticflickr.com\/6\/5806\/30500187071_a30eb410c9_o.jpg\" alt=\"\"\/><\/figure>\n\n\n\n<p>Ca a l&rsquo;air simple mais je pense qu&rsquo;il y a encore beaucoup de travail d&rsquo;ajustement avant d&rsquo;arriver \u00e0 la peinture.&nbsp;<\/p>\n\n\n\n<p>A bient\u00f4t !&nbsp;<\/p>\n\n\n\n<p>Fr\u00e9d\u00e9ric<br>** ** ** ** ** ** ** ** ** ** ** ** **<\/p>\n\n\n\n<p>Ven 11 Nov 2016 &#8211; 18:38<\/p>\n\n\n\n<p>Bonsoir,<\/p>\n\n\n\n<p>Je vous propose de faire une tour dans ma Nissan. Enfin&#8230; autour de ma Nissan parce que sans les roues&#8230; bin \u00e7a roule beaucoup moins bien !<\/p>\n\n\n\n<p><strong>LES DESSOUS DE L&rsquo;AFFAIRE<\/strong><\/p>\n\n\n\n<p>Commen\u00e7ons par regarder les dessous de la belle. Rien de bien sexy en fait :&nbsp;<\/p>\n\n\n\n<p>Un radiateur (il y en a trois en tout) :<\/p>\n\n\n\n<p><\/p>\n\n\n\n<figure class=\"wp-block-image\"><img src=\"https:\/\/c2.staticflickr.com\/6\/5486\/30279204923_2ae30ab868_o.jpg\" alt=\"\"\/><\/figure>\n\n\n\n<p>Une pi\u00e8ce qui repr\u00e9sente&#8230; un truc&#8230; attach\u00e9 \u00e0 la caisse de mani\u00e8re improbable&#8230; et qui supporte les pots d&rsquo;\u00e9chappement :<\/p>\n\n\n\n<p><\/p>\n\n\n\n<figure class=\"wp-block-image\"><img src=\"https:\/\/c2.staticflickr.com\/6\/5813\/30614136960_8213a1d973_o.jpg\" alt=\"\"\/><\/figure>\n\n\n\n<p>Le bloc moteur dont le d\u00e9taillage est vraiment tr\u00e8s (tr\u00e8s, tr\u00e8s) light. En fait, ce n&rsquo;est pas grave car le capot ne s&rsquo;ouvre pas. Aussi, on ne verra rien de ce bloc de plastique (&#8230; fort heureusement) :<\/p>\n\n\n\n<p><\/p>\n\n\n\n<figure class=\"wp-block-image\"><img src=\"https:\/\/c2.staticflickr.com\/6\/5538\/30279204973_1cb3188952_o.jpg\" alt=\"\"\/><\/figure>\n\n\n\n<p>Vue de l&rsquo;arri\u00e8re avec le support de l&rsquo;aileron qui penche toujours un peu (moins tout de m\u00eame) :<\/p>\n\n\n\n<p><\/p>\n\n\n\n<figure class=\"wp-block-image\"><img src=\"https:\/\/c2.staticflickr.com\/6\/5781\/30614137530_42a1a8990c_o.jpg\" alt=\"\"\/><\/figure>\n\n\n\n<p>Une petite vue d&rsquo;ensemble avec les roues mont\u00e9es \u00e0 blanc.<\/p>\n\n\n\n<p><\/p>\n\n\n\n<figure class=\"wp-block-image\"><img src=\"https:\/\/c2.staticflickr.com\/6\/5482\/30614137090_ccb2cdf41e_o.jpg\" alt=\"\"\/><\/figure>\n\n\n\n<p>Comme je vous l&rsquo;avez d\u00e9j\u00e0 fait remarquer, le d\u00e9taillage de ce kit est aux abonn\u00e9s absents. En loose day, mon Fils et Moi assemblons une Ford Mustang shelby GT 350 de chez Revell. Inutile de vous dire que le niveau de d\u00e9tail est sans commune mesure.<\/p>\n\n\n\n<p><\/p>\n\n\n\n<figure class=\"wp-block-image\"><img src=\"https:\/\/s1.scalemates.com\/products\/img\/9\/5\/9\/114959-10571-pristine.jpg\" alt=\"\"\/><\/figure>\n\n\n\n<p><strong>PEINTURE FRAICHE&nbsp;<\/strong><\/p>\n\n\n\n<p>J&rsquo;ai pr\u00e9par\u00e9 toutes les pi\u00e8ces ext\u00e9rieures pour un couche d&rsquo;appr\u00eat :<\/p>\n\n\n\n<p><\/p>\n\n\n\n<figure class=\"wp-block-image\"><img src=\"https:\/\/c2.staticflickr.com\/6\/5441\/30614137280_3a655db852_o.jpg\" alt=\"\"\/><\/figure>\n\n\n\n<p>Voila c&rsquo;est fait !&nbsp;<\/p>\n\n\n\n<p><\/p>\n\n\n\n<figure class=\"wp-block-image\"><img src=\"https:\/\/c2.staticflickr.com\/6\/5813\/30283114654_33400640e0_o.jpg\" alt=\"\"\/><\/figure>\n\n\n\n<p>J&rsquo;ai group\u00e9 les pi\u00e8ces car j&rsquo;avais peur de manquer de primer&#8230; J&rsquo;ai bien fait car ma bombe a lach\u00e9 son dernier pshit sur ce kit :&nbsp;<\/p>\n\n\n\n<p><\/p>\n\n\n\n<figure class=\"wp-block-image\"><img src=\"https:\/\/c2.staticflickr.com\/6\/5574\/30829694241_01e7216631_o.jpg\" alt=\"\"\/><\/figure>\n\n\n\n<p>Je ne suis pas m\u00e9content d&rsquo;avoir int\u00e9gralement ponc\u00e9 le kit au papier de verre Tamiya P2000. M\u00eame si il reste des retouches \u00e0 faire, l&rsquo;\u00e9tat de surface est nettement meilleur :&nbsp;<\/p>\n\n\n\n<p><\/p>\n\n\n\n<figure class=\"wp-block-image\"><img src=\"https:\/\/c2.staticflickr.com\/6\/5344\/30283113574_d88826c9aa_o.jpg\" alt=\"\"\/><\/figure>\n\n\n\n<p>Dans la prochaine \u00e9tape, je devrai \u00eatre pr\u00eat pour la peinture&#8230; \u00e0 priori.&nbsp;<\/p>\n\n\n\n<p>Fr\u00e9d\u00e9ric<br><br>** ** ** ** ** ** ** ** ** ** ** ** **<\/p>\n\n\n\n<p>Dim 27 Nov 2016 &#8211; 12:33<\/p>\n\n\n\n<p>Bonjour,<\/p>\n\n\n\n<p>Ca y est ! J&rsquo;ai enfin install\u00e9 ma cabine de peinture dans mon garage !!!<\/p>\n\n\n\n<figure class=\"wp-block-image\"><img src=\"https:\/\/imgfast.net\/users\/3412\/18\/61\/94\/smiles\/Fete021.gif\" alt=\"\"\/><\/figure>\n\n\n\n<p>Bon j&rsquo;ai conscience que cette nouvelle ne doit pas forc\u00e9ment faire \u00e9cho chez vous. En fait, jusqu&rsquo;\u00e0 pr\u00e9sent, je peignais \u00e0 l&rsquo;a\u00e9rographe \u00e0 l&rsquo;ext\u00e9rieur de ma maison. Naturellement, l&rsquo;arriv\u00e9e de l&rsquo;hiver \u00e9tait \u00e9galement synonyme de chomage technique pour cet instrument.<\/p>\n\n\n\n<p>Depuis hier, &nbsp;j&rsquo;ai finalis\u00e9 une cabine de peinture dans mon garage (avec hotte aspirante, filtrage&#8230;.). Je peux d\u00e9sormais peindre \u00e0 l&rsquo;a\u00e9rographe par tous les temps (sous r\u00e9serve de ne pas oublier mon blouson).<\/p>\n\n\n\n<p>Pour le premier test de ma cabine, j&rsquo;ai ressorti ma Nissan qui dormait au fond de l&rsquo;atelier. Et voila le r\u00e9sultat :&nbsp;<\/p>\n\n\n\n<p><\/p>\n\n\n\n<figure class=\"wp-block-image\"><img src=\"https:\/\/c2.staticflickr.com\/6\/5700\/30462841183_658ed1b671_b.jpg\" alt=\"\"\/><\/figure>\n\n\n\n<figure class=\"wp-block-image\"><img src=\"https:\/\/c2.staticflickr.com\/6\/5533\/30902911800_f39a7850a7_b.jpg\" alt=\"\"\/><\/figure>\n\n\n\n<figure class=\"wp-block-image\"><img src=\"https:\/\/c2.staticflickr.com\/6\/5607\/30902911700_e97b3490de_b.jpg\" alt=\"\"\/><\/figure>\n\n\n\n<p>J&rsquo;ai un peu ram\u00e9 pour prendre les photos car la couleur est tr\u00e8s (tr\u00e8s, tr\u00e8s) sensible \u00e0 l&rsquo;\u00e9clairage. Je supprim\u00e9 les photos int\u00e9rieur et celle retouch\u00e9es pour ne garder que celles prises \u00e0 la lumi\u00e8re naturelle. Pour bien ce repr\u00e9senter la vraie couleur de la voiture, je dirais qu&rsquo;elle est \u00ab\u00a0Milka fonc\u00e9\u00a0\u00bb :<\/p>\n\n\n\n<p>Cette s\u00e9ance de peinture m&rsquo;a \u00e9galement confirm\u00e9 que les recoins \u00e9taient nombreux sur ce kit. Aussi, je vais sagement mettre de c\u00f4t\u00e9 les diff\u00e9rents masquage que j&rsquo;avais pr\u00e9v et rester sur teinte violette avec des touches de noire. C&rsquo;est certes moins ambitieux mais moins hasardeux \u00e9galement.&nbsp;<\/p>\n\n\n\n<p>A bient\u00f4t pour la suite du d\u00e9but de la fin.&nbsp;<\/p>\n\n\n\n<p>Fr\u00e9d\u00e9ric<br><br>** ** ** ** ** ** ** ** ** ** ** ** **<\/p>\n\n\n\n<p>Sam 31 D\u00e9c 2016 &#8211; 0:39<\/p>\n\n\n\n<p>Bonjour,<\/p>\n\n\n\n<p>J&rsquo;ai coll\u00e9 les \u00e9l\u00e9ments de carrosserie qui restaient au fond de la bo\u00eete de ma Nissan R89 :&nbsp;<\/p>\n\n\n\n<p><\/p>\n\n\n\n<figure class=\"wp-block-image\"><img src=\"https:\/\/c1.staticflickr.com\/1\/506\/31080844004_62b223b318_o.jpg\" alt=\"\"\/><\/figure>\n\n\n\n<figure class=\"wp-block-image\"><img src=\"https:\/\/c1.staticflickr.com\/1\/306\/31920815605_8e650e090f_o.jpg\" alt=\"\"\/><\/figure>\n\n\n\n<p>Depuis lors, mon montage \u00e9tait \u00e0 l&rsquo;arr\u00eat car j&rsquo;ignorais comme r\u00e9aliser un vernis ultra-brillant. Ce que j&rsquo;appelle ultra-brillant c&rsquo;est l&rsquo;effet quasi miroir que j&rsquo;ai pu voir sur certains kits. Un exemple parmi tant d&rsquo;autres vu sur un autre forum :&nbsp;<\/p>\n\n\n\n<p><\/p>\n\n\n\n<figure class=\"wp-block-image\"><img src=\"https:\/\/i.servimg.com\/u\/f97\/16\/71\/58\/34\/dscf2615.jpg\" alt=\"\"\/><\/figure>\n\n\n\n<figure class=\"wp-block-image\"><img src=\"https:\/\/i.servimg.com\/u\/f97\/16\/71\/58\/34\/dscf2618.jpg\" alt=\"\"\/><\/figure>\n\n\n\n<p>Nota bene : c&rsquo;est bien une maquette !<\/p>\n\n\n\n<p>Apr\u00e8s avoir glan\u00e9 des renseignements \u00e7a et l\u00e0, j&rsquo;ai demand\u00e9 la formule magique au r\u00e9alisateur de cette magnifique Porsche. La r\u00e9ponse tient en deux m\u00e9thodes : \u00ab\u00a0<em>polish ou compound Tamiya (bouchon bleu) a appliquer directement sur la peinture<\/em>\u00ab\u00a0.&nbsp;<\/p>\n\n\n\n<p>Ne poss\u00e9dant pas de Compound, j&rsquo;ai choisi la m\u00e9thode du polish pour carrosserie auto (les vraies), produit que j&rsquo;ai acquis au supermarch\u00e9 du coin :&nbsp;<\/p>\n\n\n\n<p><\/p>\n\n\n\n<figure class=\"wp-block-image\"><img src=\"https:\/\/c2.staticflickr.com\/6\/5610\/31148225824_cb66964739_b.jpg\" alt=\"\"\/><\/figure>\n\n\n\n<p>Puis, conform\u00e9ment \u00e0 la notice, j&rsquo;ai appliqu\u00e9 le polish et attendu que le produit deviennent blanch\u00e2tre :&nbsp;<\/p>\n\n\n\n<p><\/p>\n\n\n\n<figure class=\"wp-block-image\"><img src=\"https:\/\/c1.staticflickr.com\/1\/352\/31951261366_871a7c0b22_o.jpg\" alt=\"\"\/><\/figure>\n\n\n\n<p>Ceci fait, j&rsquo;ai utilis\u00e9 un morceau de tissu pour frotter d\u00e9licatement le kit en faisant des mouvements circulaires et, et&#8230; ET !&nbsp;<br>.<br>.<br>.<br>.<br>&#8230; J&rsquo;ai constat\u00e9 que ma belle peinture \u00e9tait devenue marbr\u00e9e&#8230; que les points saillants avaient \u00e9t\u00e9 d\u00e9cap\u00e9s par le frottement du chiffon&#8230; que des micro-raillures \u00e9taient apparues \u00e7a et l\u00e0&#8230; et que trois pi\u00e8ces s&rsquo;\u00e9taient d\u00e9coll\u00e9es &nbsp;:&nbsp;<\/p>\n\n\n\n<p><\/p>\n\n\n\n<figure class=\"wp-block-image\"><img src=\"https:\/\/c2.staticflickr.com\/6\/5612\/31951261126_82aa7171df_b.jpg\" alt=\"\"\/><\/figure>\n\n\n\n<figure class=\"wp-block-image\"><img src=\"https:\/\/c1.staticflickr.com\/1\/294\/31951261016_5c76666ee0_o.jpg\" alt=\"\"\/><\/figure>\n\n\n\n<figure class=\"wp-block-image\"><img src=\"https:\/\/c1.staticflickr.com\/1\/563\/31951260866_a9f126a474_o.jpg\" alt=\"\"\/><\/figure>\n\n\n\n<figure class=\"wp-block-image\"><img src=\"https:\/\/c2.staticflickr.com\/6\/5609\/31148226064_dd0ea0386a_o.jpg\" alt=\"\"\/><\/figure>\n\n\n\n<p>En clair et en trois mots : c&rsquo;est compl\u00e8tement rat\u00e9 !<\/p>\n\n\n\n<p>J&rsquo;avoue ne pas comprendre pourquoi car scrupuleusement suivi le mode d&#8217;emploi transmis par le forumeur expert sur ce sujet.&nbsp;<\/p>\n\n\n\n<p>Bon&#8230; bin, je pensais \u00eatre pr\u00eat de la fin. En fait, tout reste \u00e0 faire.&nbsp;<\/p>\n\n\n\n<p>A bient\u00f4t pour la suite de mes aventures \u00e0 quatre roues.&nbsp;<\/p>\n\n\n\n<p>Fr\u00e9d\u00e9ric<br><br>** ** ** ** ** ** ** ** ** ** ** ** **<\/p>\n\n\n\n<p>Jeu 11 Mai 2017 &#8211; 23:49<\/p>\n\n\n\n<p>Bonjour,<\/p>\n\n\n\n<p>Apr\u00e8s quelques mois de sommeil, cette mise \u00e0 jour pourrait s&rsquo;appeler :&nbsp;<strong>BACK IN BLACK<\/strong><\/p>\n\n\n\n<p><\/p>\n\n\n\n<figure class=\"wp-block-image\"><img src=\"https:\/\/c1.staticflickr.com\/5\/4168\/34214725520_4145423042_c.jpg\" alt=\"\"\/><\/figure>\n\n\n\n<figure class=\"wp-block-image\"><img src=\"https:\/\/c1.staticflickr.com\/5\/4194\/34214725000_ef390a3f7f_z.jpg\" alt=\"\"\/><\/figure>\n\n\n\n<figure class=\"wp-block-image\"><img src=\"https:\/\/c1.staticflickr.com\/5\/4188\/34470150771_9895f11c75_z.jpg\" alt=\"\"\/><\/figure>\n\n\n\n<figure class=\"wp-block-image\"><img src=\"https:\/\/c1.staticflickr.com\/5\/4174\/34214725410_7f1cab6045_z.jpg\" alt=\"\"\/><\/figure>\n\n\n\n<figure class=\"wp-block-image\"><img src=\"https:\/\/c1.staticflickr.com\/5\/4183\/34214725340_fb6840a683_z.jpg\" alt=\"\"\/><\/figure>\n\n\n\n<p>J&rsquo;ai finalement suivi l&rsquo;id\u00e9e de Patrick (que je remercie au passage), en peignant int\u00e9gralement la voiture \u00e0 la bombe Tamiya TS14 Noir.&nbsp;<\/p>\n\n\n\n<p>En parall\u00e8le, je vais reprendre certains d\u00e9tails dans un seconde couleur, histoire de casser l&rsquo;uniformit\u00e9 de la teinte.&nbsp;<\/p>\n\n\n\n<p>A bient\u00f4t&nbsp;<\/p>\n\n\n\n<p>Fr\u00e9d\u00e9ric<br><br>** ** ** ** ** ** ** ** ** ** ** ** **<\/p>\n\n\n\n<p>Lun 10 Juil 2017 &#8211; 23:36<\/p>\n\n\n\n<p>Bonsoir,<\/p>\n\n\n\n<p>Wow ! Ma derni\u00e8re mise \u00e0 jour date du 15 mai 2017&nbsp; !!!!&nbsp;<\/p>\n\n\n\n<p>Tempus fugit&#8230;<\/p>\n\n\n\n<p>Allez c&rsquo;est reparti !<\/p>\n\n\n\n<p><strong>UNE NISSAN COULEUR BUGATTI&#8230; SACRILEGE !!!<\/strong><\/p>\n\n\n\n<p>Vous vous souvenez probablement de mon post du 31 d\u00e9cembre 2016. C&rsquo;est celui ou j&rsquo;avais compl\u00e8tement ruin\u00e9 ma peinture mauve !&nbsp;<\/p>\n\n\n\n<p><\/p>\n\n\n\n<figure class=\"wp-block-image\"><img src=\"https:\/\/c2.staticflickr.com\/6\/5612\/31951261126_82aa7171df_b.jpg\" alt=\"\"\/><\/figure>\n\n\n\n<p>Non ? Bon&#8230; Et celui du 11 mai dans lequel, j&rsquo;indique avoir finalement tout repeins en noir ?<\/p>\n\n\n\n<p><\/p>\n\n\n\n<figure class=\"wp-block-image\"><img src=\"https:\/\/c1.staticflickr.com\/5\/4168\/34214725520_4145423042_c.jpg\" alt=\"\"\/><\/figure>\n\n\n\n<p>Bon, peu importe&#8230; In fine, j&rsquo;ai ajout\u00e9 une seconde couleur : Bleu de France (humbrol 14). J&rsquo;ai donc repeins les jantes, l&rsquo;aileron, le bas de caisse, le spoiler et la partie centrale du si\u00e8ge (ouf !)<\/p>\n\n\n\n<p><\/p>\n\n\n\n<figure class=\"wp-block-image\"><img src=\"https:\/\/c1.staticflickr.com\/5\/4211\/35456650130_0e1202d932_z.jpg\" alt=\"\"\/><\/figure>\n\n\n\n<figure class=\"wp-block-image\"><img src=\"https:\/\/c1.staticflickr.com\/5\/4211\/35712604221_8e7995fb1f_z.jpg\" alt=\"\"\/><\/figure>\n\n\n\n<p><strong>DES COLLAGES DE PIECES<\/strong><\/p>\n\n\n\n<p>Pour ajouter un peu de variation, j&rsquo;ai peins en alu ou argent diff\u00e9rents petits d\u00e9tails comme les trappes \u00e0 essence ou les prises d&rsquo;air dorsales (en disant cela, j&rsquo;ai l&rsquo;impression de parler d&rsquo;un avion !). Ceci fait, j&rsquo;ai tout coll\u00e9 \u00e0 la cyano<\/p>\n\n\n\n<p><\/p>\n\n\n\n<figure class=\"wp-block-image\"><img src=\"https:\/\/c1.staticflickr.com\/5\/4259\/35712603371_9393f6176a.jpg\" alt=\"\"\/><\/figure>\n\n\n\n<figure class=\"wp-block-image\"><img src=\"https:\/\/c1.staticflickr.com\/5\/4257\/35712602841_56c544574b.jpg\" alt=\"\"\/><\/figure>\n\n\n\n<figure class=\"wp-block-image\"><img src=\"https:\/\/c1.staticflickr.com\/5\/4280\/35712604261_719f5d4e53_c.jpg\" alt=\"\"\/><\/figure>\n\n\n\n<p>&#8230; non sans mal car les ajustements sont plut\u00f4t approximatifs ! Rien de bien grave pour les trappes. Par contre, le positionnement des radiateurs est totalement pifom\u00e9trique ! J&rsquo;attends le s\u00e9chage pour v\u00e9rifier si l&#8217;emplacement est bien le bon (v\u00e9ridique !)<\/p>\n\n\n\n<p><\/p>\n\n\n\n<figure class=\"wp-block-image\"><img src=\"https:\/\/c1.staticflickr.com\/5\/4232\/35712604161_bb06711191_z.jpg\" alt=\"\"\/><\/figure>\n\n\n\n<p><strong>LUMIERES !&nbsp;<\/strong><\/p>\n\n\n\n<p>J&rsquo;ai plac\u00e9 les 4 optiques dans les logements pr\u00e9vues. Une fois de plus, aucun syst\u00e8me de positionnement (merci les gars&#8230; trop sympa)<\/p>\n\n\n\n<p><\/p>\n\n\n\n<figure class=\"wp-block-image\"><img src=\"https:\/\/c1.staticflickr.com\/5\/4281\/35456650260_e12cbfeeaf.jpg\" alt=\"\"\/><\/figure>\n\n\n\n<p><strong>PAS BEAU DE BORD<\/strong><\/p>\n\n\n\n<p>J&rsquo;ai appliqu\u00e9 les d\u00e9calcomanies sur le tableau de bord.&nbsp;<\/p>\n\n\n\n<p><\/p>\n\n\n\n<figure class=\"wp-block-image\"><img src=\"https:\/\/c1.staticflickr.com\/5\/4234\/35456650040_c006f4aafc.jpg\" alt=\"\"\/><\/figure>\n\n\n\n<p>Je sais&#8230; La photo fait un peu peur. En fait, les d\u00e9cals ont moyennement r\u00e9agit \u00e0 l&rsquo;assouplisseur. Pour finaliser cette pi\u00e8ce, je vais appliquer un vernis mat sur l&rsquo;ensemble puis une goutte de vernis brillant sur les cadrans.&nbsp;<\/p>\n\n\n\n<p>A bient\u00f4t !&nbsp;<\/p>\n\n\n\n<p>Fr\u00e9d\u00e9ric<\/p>\n\n\n\n<p><br>** ** ** ** ** ** ** ** ** ** ** ** **<\/p>\n\n\n\n<p>Ven 28 Juil 2017 &#8211; 19:21<\/p>\n\n\n\n<p>Bonsoir,<\/p>\n\n\n\n<p>Tout en (re)regardant un film que l&rsquo;ami Francis reconna\u00eetra facilement&#8230;&nbsp;<\/p>\n\n\n\n<p><\/p>\n\n\n\n<figure class=\"wp-block-image\"><img src=\"https:\/\/c1.staticflickr.com\/5\/4303\/35831220450_0dcf106ab1.jpg\" alt=\"\"\/><\/figure>\n\n\n\n<p>J&rsquo;ai commenc\u00e9 les parties vitr\u00e9es avec une peinture des clignotants. Comme je le fait habituellement, je peins le fond de la pi\u00e8ce&nbsp;<\/p>\n\n\n\n<p><\/p>\n\n\n\n<figure class=\"wp-block-image\"><img src=\"https:\/\/c1.staticflickr.com\/5\/4320\/35831177510_4501d39f90.jpg\" alt=\"\"\/><\/figure>\n\n\n\n<p>&#8230; et la transparence fait le reste&nbsp;<\/p>\n\n\n\n<p><\/p>\n\n\n\n<figure class=\"wp-block-image\"><img src=\"https:\/\/c1.staticflickr.com\/5\/4296\/35831178920_b1fd42c54a.jpg\" alt=\"\"\/><\/figure>\n\n\n\n<p>En voulant faire un essayage \u00e0 blanc, j&rsquo;ai malheureusement fissur\u00e9 la partie vitr\u00e9e qui recouvre les phares (\u00e0 gauche du scotch). Je ne pense pas que ce soit rattrapable&#8230;<\/p>\n\n\n\n<p><\/p>\n\n\n\n<figure class=\"wp-block-image\"><img src=\"https:\/\/c1.staticflickr.com\/5\/4296\/35831178220_d70475e675_z.jpg\" alt=\"\"\/><\/figure>\n\n\n\n<p>Le reste des vitrages semble ne pas poser de probl\u00e8me&#8230; enfin \u00ab\u00a0semblait\u00a0\u00bb ! En relisant le plan, j&rsquo;ai d\u00e9couvert que le fine bande qui parcourt les vitres frontales et lat\u00e9rales, devaient \u00eatre peintes au couleur de la caisse ! C&rsquo;est de ma faute car j&rsquo;ai zapp\u00e9 ce point par inadvertance. Une bonne s\u00e9ance de masquage en perspective&#8230; &nbsp;<\/p>\n\n\n\n<p><\/p>\n\n\n\n<figure class=\"wp-block-image\"><img src=\"https:\/\/c1.staticflickr.com\/5\/4312\/35831220390_2495bda860_z.jpg\" alt=\"\"\/><\/figure>\n\n\n\n<p>Pour le fun, j&rsquo;ai \u00e9galement fait un montage \u00e0 blanc complet. Le c\u00f4t\u00e9 \u00ab\u00a0fun\u00a0\u00bb \u00e0 vite disparu quant j&rsquo;ai compris que l&rsquo;assemblage de la carrosserie ne serait pas de tout repos. En cause, un d\u00e9calage d&rsquo;un mm entre l&rsquo;avant et l&rsquo;arri\u00e8re&#8230;&nbsp;<\/p>\n\n\n\n<p><\/p>\n\n\n\n<figure class=\"wp-block-image\"><img src=\"https:\/\/c1.staticflickr.com\/5\/4292\/36058140832_420388f827.jpg\" alt=\"\"\/><\/figure>\n\n\n\n<p>A plus.&nbsp;<\/p>\n\n\n\n<p>Fr\u00e9d\u00e9ric\n\n<div><br><\/div><br>** ** ** ** ** ** ** ** ** ** ** ** **<\/p>\n\n\n\n<p>Jeu 3 Ao\u00fb 2017 &#8211; 23:45<\/p>\n\n\n\n<p>Bonsoir,<\/p>\n\n\n\n<p>Cette \u00e9pisode pourrait s&rsquo;appeler \u00ab\u00a0Des collages imm\u00e9diats\u00a0\u00bb. De fait, j&rsquo;ai finalis\u00e9 les assemblages de mon bolide \u00e0 la colle cyano (nota bene : ce sont les assemblages qui utilisent de la cyano, pas la voiture). Ceci \u00e9tant dit, c&rsquo;\u00e9tait sans compter sur l&rsquo;age v\u00e9n\u00e9rable de kit qui me r\u00e9serve encore et toujours quelques surprises..&nbsp;<\/p>\n\n\n\n<p><strong>TABLEAU DE BORD MOBILE&nbsp;<\/strong><\/p>\n\n\n\n<p>Le tableau serait facile \u00e0 poser SI, et seulement si, Hasegawa avait eu la gentillesse d&rsquo;ajouter des rep\u00e8res et autres encoches pour faciliter le positionnement. A d\u00e9faut, le tableau de bord ovale et positionn\u00e9&#8230; \u00ab\u00a0au mieux\u00a0\u00bb sur le capot \u00e9galement ovale.&nbsp;<\/p>\n\n\n\n<p><\/p>\n\n\n\n<figure class=\"wp-block-image\"><img src=\"https:\/\/c1.staticflickr.com\/5\/4359\/36354645815_95b266c320.jpg\" alt=\"\"\/><\/figure>\n\n\n\n<p><strong>VOLANT REGLABLE&nbsp;<\/strong><\/p>\n\n\n\n<p>Pour positionner le volant sur le tableau de bord, Hasegawa a pr\u00e9vu un tenon&#8230; de forme ronde (!?). Inutile de dire que l&rsquo;ajustement est plut\u00f4t approximatif. En fait, j&rsquo;ai surtout cherch\u00e9 \u00e0 placer le volant parall\u00e8lement au si\u00e8ge&#8230; qui sera assembl\u00e9 beaucoup plus tard.&nbsp;<\/p>\n\n\n\n<p><\/p>\n\n\n\n<figure class=\"wp-block-image\"><img src=\"https:\/\/c1.staticflickr.com\/5\/4436\/36354646015_39604c0437.jpg\" alt=\"\"\/><\/figure>\n\n\n\n<p><strong>LE SPOILER SE TAPE DE L&rsquo;ETAPE&nbsp;<\/strong><\/p>\n\n\n\n<p>Dixit le plan, le spoiler avant doit \u00eatre coll\u00e9 sur le capot de la voiture. Par la suite, le capot vient s&rsquo;ins\u00e9rer d\u00e9licatement sur le ch\u00e2ssis.&nbsp;<\/p>\n\n\n\n<p>Ca c&rsquo;est la th\u00e9orie ! Dans la pratique, cette s\u00e9quence rend tr\u00e8s difficile l&rsquo;assemblage des deux parties principales de la voiture. Apr\u00e8s un essai \u00e0 blanc, j&rsquo;ai pr\u00e9f\u00e9r\u00e9 coller le spoiler sur le ch\u00e2ssis. La suite me donnera raison puisque j&rsquo;ai pu assembler capot et ch\u00e2ssis sans effort.&nbsp;<\/p>\n\n\n\n<p><\/p>\n\n\n\n<figure class=\"wp-block-image\"><img src=\"https:\/\/c1.staticflickr.com\/5\/4411\/36354645795_f37373c7f2.jpg\" alt=\"\"\/><\/figure>\n\n\n\n<p><strong>ROUE ! Y ES-TU ?&nbsp;<\/strong><\/p>\n\n\n\n<p>Les trains sont simplissimes :&nbsp;<br>&#8211; une tige&nbsp;<br>&#8211; un disque de frein (ench\u00e2ss\u00e9 sur la tige)<br>&#8211; une rondelle en silicone (idem)&nbsp;<\/p>\n\n\n\n<p><\/p>\n\n\n\n<figure class=\"wp-block-image\"><img src=\"https:\/\/c1.staticflickr.com\/5\/4428\/36354646025_2d0916d4a9.jpg\" alt=\"\"\/><\/figure>\n\n\n\n<p>J&rsquo;ai d&rsquo;abord suppos\u00e9 que la rondelle en silicone devait permettre \u00e0 la roue de tourner&#8230; mais non : un simple montage \u00e0 blanc confirme que TOUTES les pi\u00e8ces sont solidement fix\u00e9es \u00e0 la tige (?!?).<\/p>\n\n\n\n<p>Attrist\u00e9 par mon incapacit\u00e9 \u00e0 comprendre comment rendre les roues mobiles, j&rsquo;ai noy\u00e9 mon d\u00e9s\u0153uvrement dans la colle cyano<\/p>\n\n\n\n<p><\/p>\n\n\n\n<figure class=\"wp-block-image\"><img src=\"https:\/\/c1.staticflickr.com\/5\/4433\/36354645915_ab39dc11c9.jpg\" alt=\"\"\/><\/figure>\n\n\n\n<p><strong>JE VOUS FAIS LES GLACES ?&nbsp;<\/strong><\/p>\n\n\n\n<p>Comme indiqu\u00e9 dans le post pr\u00e9c\u00e9dent, un liser\u00e9 doit \u00eatre peins sur le bord int\u00e9rieur de chacune des vitres. La plupart des surfaces \u00e9tant courbes, j&rsquo;ai plac\u00e9 un minimum de masques et fait l&rsquo;essentiel \u00e0 main lev\u00e9e. &nbsp;<\/p>\n\n\n\n<p><\/p>\n\n\n\n<figure class=\"wp-block-image\"><img src=\"https:\/\/c1.staticflickr.com\/5\/4312\/35831220390_2495bda860_z.jpg\" alt=\"\"\/><\/figure>\n\n\n\n<figure class=\"wp-block-image\"><img src=\"https:\/\/c1.staticflickr.com\/5\/4400\/36354645985_0311166a6c.jpg\" alt=\"\"\/><\/figure>\n\n\n\n<figure class=\"wp-block-image\"><img src=\"https:\/\/c1.staticflickr.com\/5\/4373\/36354646095_f34d74ff46_z.jpg\" alt=\"\"\/><\/figure>\n\n\n\n<p>Un petit montage \u00e0 blanc m&rsquo;a rassur\u00e9 sur l&rsquo;ajustement de l&rsquo;ensemble (oui, je sais&#8230; on ne distingue pas trop les vitres sur la photo).<\/p>\n\n\n\n<p><\/p>\n\n\n\n<figure class=\"wp-block-image\"><img src=\"https:\/\/c1.staticflickr.com\/5\/4416\/36354645975_2d7331ec11.jpg\" alt=\"\"\/><\/figure>\n\n\n\n<p>Au vu des ajustements passablement erratiques des pi\u00e8ces, je garderais tout cela pour la fin.&nbsp;<\/p>\n\n\n\n<p><strong>OK&#8230; JE LA FERME<\/strong><\/p>\n\n\n\n<p>Apr\u00e8s toutes ces petites contrari\u00e9t\u00e9s, j&rsquo;ai gagn\u00e9 le droit d&rsquo;un ultime montage \u00e0 blanc :&nbsp;<\/p>\n\n\n\n<p><\/p>\n\n\n\n<figure class=\"wp-block-image\"><img src=\"https:\/\/c1.staticflickr.com\/5\/4368\/36354645675_ca8238ceac_c.jpg\" alt=\"\"\/><\/figure>\n\n\n\n<figure class=\"wp-block-image\"><img src=\"https:\/\/c1.staticflickr.com\/5\/4376\/36354645715_80b59d0abf_c.jpg\" alt=\"\"\/><\/figure>\n\n\n\n<p>&#8230; Pr\u00e9lude \u00e0 une nouvelle s\u00e9ance de collage rendue complexe par l&rsquo;absence quasi totale de tenons. A d\u00e9faut, j&rsquo;ai improvis\u00e9 de nouveaux points de collage \u00e0 diff\u00e9rents endroit du ch\u00e2ssis et du capot. Ceci fait, j&rsquo;ai utilis\u00e9 plusieurs pinces pour m&rsquo;assurer de l&rsquo;encollage du tout. Le papier kleenex permet d&rsquo;\u00e9viter les marques de serrage sur la peinture.&nbsp;<\/p>\n\n\n\n<p><\/p>\n\n\n\n<figure class=\"wp-block-image\"><img src=\"https:\/\/c1.staticflickr.com\/5\/4394\/36354646105_f7fa06be8f_z.jpg\" alt=\"\"\/><\/figure>\n\n\n\n<p>Au fait, j&rsquo;ai pris soin de vous d\u00e9tailler toutes ces petites tracasseries, non pas pour faire pleurer sur mon pauvre sort, mais pour expliquer l&rsquo;avancement lymphatique de ce kit plut\u00f4t simple.&nbsp;<\/p>\n\n\n\n<p>Il semblerait toutefois que j&rsquo;arrive au bout de l&rsquo;aventure&#8230; enfin, j&rsquo;esp\u00e8re !<\/p>\n\n\n\n<p>Fr\u00e9d\u00e9ric<div><br><\/div><br>** ** ** ** ** ** ** ** ** ** ** ** **<\/p>\n\n\n\n<p>Ven 11 Ao\u00fb 2017 &#8211; 22:54<\/p>\n\n\n\n<p>Bonsoir,<\/p>\n\n\n\n<p>Comme annonc\u00e9 dimanche dernier, il me reste \u00e0 rattraper un d\u00e9calage tr\u00e8s important entre les parties avant et arri\u00e8re.&nbsp;<\/p>\n\n\n\n<p><\/p>\n\n\n\n<figure class=\"wp-block-image\"><img src=\"https:\/\/c1.staticflickr.com\/5\/4342\/36358929936_2872fc4a45.jpg\" alt=\"\"\/><\/figure>\n\n\n\n<figure class=\"wp-block-image\"><img src=\"https:\/\/c1.staticflickr.com\/5\/4336\/36403430375_d4d8093c45.jpg\" alt=\"\"\/><\/figure>\n\n\n\n<p>Pour simplifier le tout, le d\u00e9calage n&rsquo;est pas r\u00e9gulier : tr\u00e8s important sur la partie haute, il est inexistant sur la partie basse. En fait, la pi\u00e8ce arri\u00e8re n&rsquo;a pas la bonne dimension.&nbsp;<\/p>\n\n\n\n<p><\/p>\n\n\n\n<figure class=\"wp-block-image\"><img src=\"https:\/\/c1.staticflickr.com\/5\/4407\/36358929916_f0e722948f.jpg\" alt=\"\"\/><\/figure>\n\n\n\n<p>Je vous fais gr\u00e2ce du d\u00e9tail du pon\u00e7age millim\u00e9tr\u00e9 suivi d&rsquo;innombrables s\u00e9ances d&rsquo;ajustements. In fine, j&rsquo;ai r\u00e9ussi \u00e0 rattraper le d\u00e9calage.<\/p>\n\n\n\n<p><\/p>\n\n\n\n<figure class=\"wp-block-image\"><img src=\"https:\/\/c1.staticflickr.com\/5\/4414\/35698829063_bdd2911402_z.jpg\" alt=\"\"\/><\/figure>\n\n\n\n<p>Dans la bagarre, des coulures de cyano ont abim\u00e9es la peinture pr\u00e9sente sur les flanc. Apr\u00e8s un minutieux masquage, je vais devoir repasser un voile de peinture noir.<\/p>\n\n\n\n<p><\/p>\n\n\n\n<figure class=\"wp-block-image\"><img src=\"https:\/\/c1.staticflickr.com\/5\/4405\/35698828483_788fbcd709_z.jpg\" alt=\"\"\/><\/figure>\n\n\n\n<p>Encore un peu de travail mais ma Nissan commence de plus en plus \u00e0 ressembler \u00e0 une voiture. Cool, non ?&nbsp;<\/p>\n\n\n\n<p><\/p>\n\n\n\n<figure class=\"wp-block-image\"><img src=\"https:\/\/c1.staticflickr.com\/5\/4392\/35672687054_aa64434371_c.jpg\" alt=\"\"\/><\/figure>\n\n\n\n<figure class=\"wp-block-image\"><img src=\"https:\/\/c1.staticflickr.com\/5\/4379\/35698828823_4aeac94d96_c.jpg\" alt=\"\"\/><\/figure>\n\n\n\n<p>A bient\u00f4t.&nbsp;<\/p>\n\n\n\n<p>Fr\u00e9d\u00e9ric<div><div><br><\/div><\/div>** ** ** ** ** ** ** ** ** ** ** ** **<\/p>\n\n\n\n<p>Lun 14 Ao\u00fb 2017 &#8211; 23:48<\/p>\n\n\n\n<p>Bonsoir,<\/p>\n\n\n\n<p>Quelques petites avanc\u00e9es&#8230; En commen\u00e7ant par un voile de peinture appliqu\u00e9 sur chaque c\u00f4t\u00e9. Comme souvent, le masquage a \u00e9t\u00e9 plus long que la phase de peinture proprement dite :<\/p>\n\n\n\n<p><\/p>\n\n\n\n<figure class=\"wp-block-image\"><img src=\"https:\/\/c1.staticflickr.com\/5\/4413\/36526194126_47a4f0468a_z.jpg\" alt=\"\"\/><\/figure>\n\n\n\n<p>J&rsquo;ai plac\u00e9 tous les vitrages : pare-brise, fen\u00eatres et prot\u00e8ges-phare (&#8230; dont un fendu&nbsp;<\/p>\n\n\n\n<figure class=\"wp-block-image\"><img src=\"https:\/\/illiweb.com\/fa\/i\/smiles\/icon_sad.gif\" alt=\"Sad\"\/><\/figure>\n\n\n\n<p>&nbsp;&nbsp;)<\/p>\n\n\n\n<p><\/p>\n\n\n\n<figure class=\"wp-block-image\"><img src=\"https:\/\/c1.staticflickr.com\/5\/4355\/35737934184_6f00b6713f.jpg\" alt=\"\"\/><\/figure>\n\n\n\n<p>Pour les feux arri\u00e8re, j&rsquo;ai appliqu\u00e9 la peinture orange et rouge sur l&rsquo;arri\u00e8re de la pi\u00e8ce vitr\u00e9e. Inexistant sur la voiture de course, j&rsquo;ai ajout\u00e9 un feu de recul. Le scotch alu assure sa mise en couleur&nbsp;<\/p>\n\n\n\n<p><\/p>\n\n\n\n<figure class=\"wp-block-image\"><img src=\"https:\/\/c1.staticflickr.com\/5\/4397\/36354645865_4c3b4ee571.jpg\" alt=\"\"\/><\/figure>\n\n\n\n<p>Petite d\u00e9ception lors de la pose, j&rsquo;aurais d\u00fb choisir un rouge plus sombre. Pas dramatique mais bon&#8230;&nbsp;<\/p>\n\n\n\n<p><\/p>\n\n\n\n<figure class=\"wp-block-image\"><img src=\"https:\/\/c1.staticflickr.com\/5\/4333\/35737933954_7607dc6d47_z.jpg\" alt=\"\"\/><\/figure>\n\n\n\n<p>Puisque je suis dans les finitions, je peux d\u00e9sormais poser l&rsquo;aileron. Sur cette photo, on distingue bien le support voil\u00e9. J&rsquo;avais essay\u00e9 de redresser cette pi\u00e8ce mais cela n&rsquo;a pas \u00e9t\u00e9 suffisant. P\u00f4 gr\u00e2v&rsquo;, je collerais trois attaches sur quatre pour \u00e9viter un mauvais positionnement du spoiler<\/p>\n\n\n\n<p><\/p>\n\n\n\n<figure class=\"wp-block-image\"><img src=\"https:\/\/c1.staticflickr.com\/5\/4425\/35737934044_68db2a29f2_z.jpg\" alt=\"\"\/><\/figure>\n\n\n\n<p>Prochaine (et derni\u00e8re ?) \u00e9tape, la pose de l&rsquo;essuye-glace et des r\u00e9troviseurs. Je finirais avec les derni\u00e8res retouches de peinture.&nbsp;<\/p>\n\n\n\n<p>A plus.&nbsp;<\/p>\n\n\n\n<p>Fr\u00e9d\u00e9ric<br><br>** ** ** ** ** ** ** ** ** ** ** ** **<\/p>\n\n\n\n<p>Jeu 17 Ao\u00fb 2017 &#8211; 21:23<\/p>\n\n\n\n<p>Bonsoir,<\/p>\n\n\n\n<p>Suite et fin du montage de ma Nissan R89C. Il restait les derniers d\u00e9tails que sont les r\u00e9troviseurs et le balai essuie-glace.<\/p>\n\n\n\n<p>Ce dernier a tout de m\u00eame r\u00e9ussi \u00e0 m&rsquo;\u00e9nerver quand j&rsquo;ai constat\u00e9 qu&rsquo;il \u00e9tait impossible de le placer comme indiqu\u00e9 sur le plan. De fait, j&rsquo;avais donc le choix entre :&nbsp;<\/p>\n\n\n\n<p>&#8211; un essuie-glace plac\u00e9 \u00e0 droite de la vitre et dont le caoutchouc vole au-dessus de la vitre<br>&#8211; un essuie-glace plac\u00e9 \u00e0 gauche de la vitre et dont le caoutchouc vole au-dessus de la vitre&nbsp;<br>&#8211; un essuie-glace plac\u00e9 un peu au centre de la vitre et dont le caoutchouc est plaqu\u00e9 contre la vitre<\/p>\n\n\n\n<p>Apr\u00e8s r\u00e9flexion, j&rsquo;ai choisi la troisi\u00e8me option. Ce dernier baroud d&rsquo;honneur est parfaitement dans le ton de ce kit plut\u00f4t mal con\u00e7u. Je vais toutefois prendre la chose avec philosophie. Voici d&rsquo;ailleurs la synth\u00e8se de ce montage.&nbsp;<\/p>\n\n\n\n<p><strong>CE QUE JE N&rsquo;AI PAS APPR\u00c9CI\u00c9 SUR CE KIT&nbsp;<\/strong><\/p>\n\n\n\n<p>&#8211; La conception d&rsquo;un autre age : En suivant le plan scrupuleusement, il est difficile d&rsquo;arriver \u00e0 un r\u00e9sultat satisfaisant. Au d\u00e9but, on se \u00ab\u00a0fait avoir\u00a0\u00bb. Au fil du montage, on devient plus prudent&nbsp;<\/p>\n\n\n\n<p>&#8211; Le retour d&rsquo;exp\u00e9rience tr\u00e8s moyen : j&rsquo;ai achet\u00e9 ce kit une poign\u00e9e d&rsquo;euros, dans l&rsquo;id\u00e9e d&rsquo;apprendre \u00e0 assembler un v\u00e9hicule \u00e0 cette \u00e9chelle. Les tracasseries permanentes ne m&rsquo;ont pas permis de tirer grand chose de ce montage. En clair, mes gaffes \u00e9taient autant dues \u00e0 mon inexp\u00e9rience qu&rsquo;\u00e0 la qualit\u00e9 (tr\u00e8s) tr\u00e8s moyenne du kit&nbsp;<\/p>\n\n\n\n<p>&#8211; La mise en couleur rat\u00e9e : si vous avez suivi cette aventure, vous vous souvenez que le voiture devait \u00eatre peinte en violette puis lustr\u00e9e au polish. Le naufrage total de cet essai me laisse un go\u00fbt amer. Je pense avoir compris mes erreurs, sans toutefois en \u00eatre s\u00fbr.&nbsp;<\/p>\n\n\n\n<p><strong>CE QUE J&rsquo;AI APPR\u00c9CI\u00c9 SUR CE KIT&nbsp;<\/strong><\/p>\n\n\n\n<p>&#8211; Sortir des pistes d&rsquo;envol battues : assembler un avion ? Tro&rsquo; facil&rsquo; !!! &nbsp;Je n&rsquo;avais jamais assembl\u00e9 de v\u00e9hicule au 1\/24. Le challenge \u00e9tait int\u00e9ressant et me donne envie d&rsquo;encha\u00eener sur une autre voiture. Pari gagn\u00e9 !<\/p>\n\n\n\n<p>&#8211; Vos commentaires sympathiques et vos remarques pertinentes : ce n&rsquo;est pas simple de pr\u00e9senter ses h\u00e9sitations en direct-live. Vous m&rsquo;avez fait la gentillesse de suivre mes essais, mes doutes et autres gaffes, et ce, tout en me conseillant. Pour tout \u00e7a, je vous remercie chaleureusement.<\/p>\n\n\n\n<p><strong>LES PHOTOS, LES PHOTOS !!!<\/strong><\/p>\n\n\n\n<p>Apr\u00e8s un premier rendez-vous manqu\u00e9 hier soir, j&rsquo;ai r\u00e9ussi \u00e0 \u00e9viter les gouttes et profiter des derni\u00e8res bribes de lumi\u00e8re naturelle.<\/p>\n\n\n\n<p><a href=\"http:\/\/www.lesmaquettistes.com\/t1902p75-montage-pas-a-pas-nissan-r89c-calsonic-hasegawa-1-24#\">Agrandir cette image<\/a><br><\/p>\n\n\n\n<figure class=\"wp-block-image\"><img src=\"https:\/\/c1.staticflickr.com\/5\/4393\/35825293833_faf9f50234_o.jpg\" alt=\"\"\/><\/figure>\n\n\n\n<p>Voici ce que sa donne de plus pr\u00e8s :&nbsp;<\/p>\n\n\n\n<p><\/p>\n\n\n\n<figure class=\"wp-block-image\"><img src=\"https:\/\/c1.staticflickr.com\/5\/4399\/36495535011_8daa3ddede_b.jpg\" alt=\"\"\/><\/figure>\n\n\n\n<p>Vous trouverez toutes les photos finales sur ce lien :&nbsp;<\/p>\n\n\n\n<p>&nbsp;<a href=\"http:\/\/karuli.net\/blog\/vehicules\/nissan-r89c-calsonic-hasegawa-124\/\" target=\"_blank\" rel=\"noreferrer noopener\">http:\/\/www.lesmaquettistes.com\/t2509-nissan-r89c-calsonic-hasegawa-1-24<\/a><\/p>\n\n\n\n<p>A bient\u00f4t pour de nouvelles aventures.<\/p>\n\n\n\n<p>Fr\u00e9d\u00e9ric\n\n<\/p>\n\n\n\n<p><br><br>** ** ** ** ** ** ** ** ** ** ** ** **<br><br><br><\/p>\n\n\n\n<p><div><br><br><\/div><\/p>\n","protected":false},"excerpt":{"rendered":"<p>Jeudi 16 octobre 2016 Bonsoir, J&rsquo;ai d\u00e9marr\u00e9 l&rsquo;assemblage d&rsquo;une Nissan R89C ! Ceux qui suivent mes modestes aventures, se souviendront peut-\u00eatre que j&rsquo;en avais fait une revue ici :&nbsp;http:\/\/www.lesmaquettistes.com\/t1507-revue-nissan-r89c-calsonic-hasegawa-1-24 Pour \u00eatre honn\u00eate, il y a bien longtemps que je suis rang\u00e9 des voitures. Aussi, ce kit simple achet\u00e9 \u00e0 vil prix, me permettra de me &hellip; <a href=\"http:\/\/karuli.net\/blog\/detail-des-montages\/montage-nissan-r89c-calsonic-hasegawa-1-24\/\" class=\"more-link\">Continuer la lecture de <span class=\"screen-reader-text\">Montage Nissan R89C Calsonic [Hasegawa 1\/24]<\/span> <span class=\"meta-nav\">&rarr;<\/span><\/a><\/p>\n","protected":false},"author":3,"featured_media":0,"comment_status":"closed","ping_status":"closed","sticky":false,"template":"","format":"standard","meta":{"_exactmetrics_skip_tracking":false,"_exactmetrics_sitenote_active":false,"_exactmetrics_sitenote_note":"","_exactmetrics_sitenote_category":0,"spay_email":"","jetpack_publicize_message":"","jetpack_is_tweetstorm":false},"categories":[16,371],"tags":[25,372,30,190],"yoast_head":"<!-- This site is optimized with the Yoast SEO plugin v16.9 - https:\/\/yoast.com\/wordpress\/plugins\/seo\/ -->\n<meta name=\"robots\" content=\"index, follow, max-snippet:-1, max-image-preview:large, max-video-preview:-1\" \/>\n<link rel=\"canonical\" href=\"https:\/\/karuli.net\/blog\/detail-des-montages\/montage-nissan-r89c-calsonic-hasegawa-1-24\/\" \/>\n<meta property=\"og:locale\" content=\"fr_FR\" \/>\n<meta property=\"og:type\" content=\"article\" \/>\n<meta property=\"og:title\" content=\"Montage Nissan R89C Calsonic [Hasegawa 1\/24] - Plan\u00e8te sletch\" \/>\n<meta property=\"og:description\" content=\"Jeudi 16 octobre 2016 Bonsoir, J&rsquo;ai d\u00e9marr\u00e9 l&rsquo;assemblage d&rsquo;une Nissan R89C ! Ceux qui suivent mes modestes aventures, se souviendront peut-\u00eatre que j&rsquo;en avais fait une revue ici :&nbsp;http:\/\/www.lesmaquettistes.com\/t1507-revue-nissan-r89c-calsonic-hasegawa-1-24 Pour \u00eatre honn\u00eate, il y a bien longtemps que je suis rang\u00e9 des voitures. Aussi, ce kit simple achet\u00e9 \u00e0 vil prix, me permettra de me &hellip; Continuer la lecture de Montage Nissan R89C Calsonic [Hasegawa 1\/24] &rarr;\" \/>\n<meta property=\"og:url\" content=\"https:\/\/karuli.net\/blog\/detail-des-montages\/montage-nissan-r89c-calsonic-hasegawa-1-24\/\" \/>\n<meta property=\"og:site_name\" content=\"Plan\u00e8te sletch\" \/>\n<meta property=\"article:publisher\" content=\"https:\/\/www.facebook.com\/planete.sletch.3\" \/>\n<meta property=\"article:published_time\" content=\"2018-10-18T20:54:50+00:00\" \/>\n<meta property=\"article:modified_time\" content=\"2018-10-18T21:29:00+00:00\" \/>\n<meta property=\"og:image\" content=\"https:\/\/c1.staticflickr.com\/1\/324\/18564740904_42bafce844_b.jpg\" \/>\n<meta name=\"twitter:card\" content=\"summary\" \/>\n<meta name=\"twitter:label1\" content=\"\u00c9crit par\" \/>\n\t<meta name=\"twitter:data1\" content=\"sletch\" \/>\n\t<meta name=\"twitter:label2\" content=\"Dur\u00e9e de lecture est.\" \/>\n\t<meta name=\"twitter:data2\" content=\"19 minutes\" \/>\n<script type=\"application\/ld+json\" class=\"yoast-schema-graph\">{\"@context\":\"https:\/\/schema.org\",\"@graph\":[{\"@type\":\"WebSite\",\"@id\":\"https:\/\/karuli.net\/blog\/#website\",\"url\":\"https:\/\/karuli.net\/blog\/\",\"name\":\"Plan\\u00e8te sletch\",\"description\":\"Le fief de la maquette\",\"potentialAction\":[{\"@type\":\"SearchAction\",\"target\":{\"@type\":\"EntryPoint\",\"urlTemplate\":\"https:\/\/karuli.net\/blog\/?s={search_term_string}\"},\"query-input\":\"required name=search_term_string\"}],\"inLanguage\":\"fr-FR\"},{\"@type\":\"ImageObject\",\"@id\":\"https:\/\/karuli.net\/blog\/detail-des-montages\/montage-nissan-r89c-calsonic-hasegawa-1-24\/#primaryimage\",\"inLanguage\":\"fr-FR\",\"url\":\"https:\/\/c1.staticflickr.com\/1\/324\/18564740904_42bafce844_b.jpg\",\"contentUrl\":\"https:\/\/c1.staticflickr.com\/1\/324\/18564740904_42bafce844_b.jpg\"},{\"@type\":\"WebPage\",\"@id\":\"https:\/\/karuli.net\/blog\/detail-des-montages\/montage-nissan-r89c-calsonic-hasegawa-1-24\/#webpage\",\"url\":\"https:\/\/karuli.net\/blog\/detail-des-montages\/montage-nissan-r89c-calsonic-hasegawa-1-24\/\",\"name\":\"Montage Nissan R89C Calsonic [Hasegawa 1\/24] - Plan\\u00e8te sletch\",\"isPartOf\":{\"@id\":\"https:\/\/karuli.net\/blog\/#website\"},\"primaryImageOfPage\":{\"@id\":\"https:\/\/karuli.net\/blog\/detail-des-montages\/montage-nissan-r89c-calsonic-hasegawa-1-24\/#primaryimage\"},\"datePublished\":\"2018-10-18T20:54:50+00:00\",\"dateModified\":\"2018-10-18T21:29:00+00:00\",\"author\":{\"@id\":\"https:\/\/karuli.net\/blog\/#\/schema\/person\/3658ba0f5c9394c14578b8b6587b07b7\"},\"breadcrumb\":{\"@id\":\"https:\/\/karuli.net\/blog\/detail-des-montages\/montage-nissan-r89c-calsonic-hasegawa-1-24\/#breadcrumb\"},\"inLanguage\":\"fr-FR\",\"potentialAction\":[{\"@type\":\"ReadAction\",\"target\":[\"https:\/\/karuli.net\/blog\/detail-des-montages\/montage-nissan-r89c-calsonic-hasegawa-1-24\/\"]}]},{\"@type\":\"BreadcrumbList\",\"@id\":\"https:\/\/karuli.net\/blog\/detail-des-montages\/montage-nissan-r89c-calsonic-hasegawa-1-24\/#breadcrumb\",\"itemListElement\":[{\"@type\":\"ListItem\",\"position\":1,\"name\":\"Accueil\",\"item\":\"https:\/\/karuli.net\/blog\/\"},{\"@type\":\"ListItem\",\"position\":2,\"name\":\"Montage Nissan R89C Calsonic [Hasegawa 1\/24]\"}]},{\"@type\":\"Person\",\"@id\":\"https:\/\/karuli.net\/blog\/#\/schema\/person\/3658ba0f5c9394c14578b8b6587b07b7\",\"name\":\"sletch\",\"image\":{\"@type\":\"ImageObject\",\"@id\":\"https:\/\/karuli.net\/blog\/#personlogo\",\"inLanguage\":\"fr-FR\",\"url\":\"http:\/\/1.gravatar.com\/avatar\/1c1f19af7dc9701b85016e467f549416?s=96&d=mm&r=g\",\"contentUrl\":\"http:\/\/1.gravatar.com\/avatar\/1c1f19af7dc9701b85016e467f549416?s=96&d=mm&r=g\",\"caption\":\"sletch\"},\"url\":\"http:\/\/karuli.net\/blog\/author\/sletch\/\"}]}<\/script>\n<!-- \/ Yoast SEO plugin. -->","yoast_head_json":{"robots":{"index":"index","follow":"follow","max-snippet":"max-snippet:-1","max-image-preview":"max-image-preview:large","max-video-preview":"max-video-preview:-1"},"canonical":"https:\/\/karuli.net\/blog\/detail-des-montages\/montage-nissan-r89c-calsonic-hasegawa-1-24\/","og_locale":"fr_FR","og_type":"article","og_title":"Montage Nissan R89C Calsonic [Hasegawa 1\/24] - Plan\u00e8te sletch","og_description":"Jeudi 16 octobre 2016 Bonsoir, J&rsquo;ai d\u00e9marr\u00e9 l&rsquo;assemblage d&rsquo;une Nissan R89C ! Ceux qui suivent mes modestes aventures, se souviendront peut-\u00eatre que j&rsquo;en avais fait une revue ici :&nbsp;http:\/\/www.lesmaquettistes.com\/t1507-revue-nissan-r89c-calsonic-hasegawa-1-24 Pour \u00eatre honn\u00eate, il y a bien longtemps que je suis rang\u00e9 des voitures. Aussi, ce kit simple achet\u00e9 \u00e0 vil prix, me permettra de me &hellip; Continuer la lecture de Montage Nissan R89C Calsonic [Hasegawa 1\/24] &rarr;","og_url":"https:\/\/karuli.net\/blog\/detail-des-montages\/montage-nissan-r89c-calsonic-hasegawa-1-24\/","og_site_name":"Plan\u00e8te sletch","article_publisher":"https:\/\/www.facebook.com\/planete.sletch.3","article_published_time":"2018-10-18T20:54:50+00:00","article_modified_time":"2018-10-18T21:29:00+00:00","og_image":[{"url":"https:\/\/c1.staticflickr.com\/1\/324\/18564740904_42bafce844_b.jpg"}],"twitter_card":"summary","twitter_misc":{"\u00c9crit par":"sletch","Dur\u00e9e de lecture est.":"19 minutes"},"schema":{"@context":"https:\/\/schema.org","@graph":[{"@type":"WebSite","@id":"https:\/\/karuli.net\/blog\/#website","url":"https:\/\/karuli.net\/blog\/","name":"Plan\u00e8te sletch","description":"Le fief de la maquette","potentialAction":[{"@type":"SearchAction","target":{"@type":"EntryPoint","urlTemplate":"https:\/\/karuli.net\/blog\/?s={search_term_string}"},"query-input":"required name=search_term_string"}],"inLanguage":"fr-FR"},{"@type":"ImageObject","@id":"https:\/\/karuli.net\/blog\/detail-des-montages\/montage-nissan-r89c-calsonic-hasegawa-1-24\/#primaryimage","inLanguage":"fr-FR","url":"https:\/\/c1.staticflickr.com\/1\/324\/18564740904_42bafce844_b.jpg","contentUrl":"https:\/\/c1.staticflickr.com\/1\/324\/18564740904_42bafce844_b.jpg"},{"@type":"WebPage","@id":"https:\/\/karuli.net\/blog\/detail-des-montages\/montage-nissan-r89c-calsonic-hasegawa-1-24\/#webpage","url":"https:\/\/karuli.net\/blog\/detail-des-montages\/montage-nissan-r89c-calsonic-hasegawa-1-24\/","name":"Montage Nissan R89C Calsonic [Hasegawa 1\/24] - Plan\u00e8te sletch","isPartOf":{"@id":"https:\/\/karuli.net\/blog\/#website"},"primaryImageOfPage":{"@id":"https:\/\/karuli.net\/blog\/detail-des-montages\/montage-nissan-r89c-calsonic-hasegawa-1-24\/#primaryimage"},"datePublished":"2018-10-18T20:54:50+00:00","dateModified":"2018-10-18T21:29:00+00:00","author":{"@id":"https:\/\/karuli.net\/blog\/#\/schema\/person\/3658ba0f5c9394c14578b8b6587b07b7"},"breadcrumb":{"@id":"https:\/\/karuli.net\/blog\/detail-des-montages\/montage-nissan-r89c-calsonic-hasegawa-1-24\/#breadcrumb"},"inLanguage":"fr-FR","potentialAction":[{"@type":"ReadAction","target":["https:\/\/karuli.net\/blog\/detail-des-montages\/montage-nissan-r89c-calsonic-hasegawa-1-24\/"]}]},{"@type":"BreadcrumbList","@id":"https:\/\/karuli.net\/blog\/detail-des-montages\/montage-nissan-r89c-calsonic-hasegawa-1-24\/#breadcrumb","itemListElement":[{"@type":"ListItem","position":1,"name":"Accueil","item":"https:\/\/karuli.net\/blog\/"},{"@type":"ListItem","position":2,"name":"Montage Nissan R89C Calsonic [Hasegawa 1\/24]"}]},{"@type":"Person","@id":"https:\/\/karuli.net\/blog\/#\/schema\/person\/3658ba0f5c9394c14578b8b6587b07b7","name":"sletch","image":{"@type":"ImageObject","@id":"https:\/\/karuli.net\/blog\/#personlogo","inLanguage":"fr-FR","url":"http:\/\/1.gravatar.com\/avatar\/1c1f19af7dc9701b85016e467f549416?s=96&d=mm&r=g","contentUrl":"http:\/\/1.gravatar.com\/avatar\/1c1f19af7dc9701b85016e467f549416?s=96&d=mm&r=g","caption":"sletch"},"url":"http:\/\/karuli.net\/blog\/author\/sletch\/"}]}},"jetpack_featured_media_url":"","jetpack_publicize_connections":[],"jetpack_sharing_enabled":true,"jetpack_shortlink":"https:\/\/wp.me\/p7txMJ-mu","jetpack-related-posts":[{"id":1286,"url":"http:\/\/karuli.net\/blog\/vehicules\/nissan-r89c-calsonic-hasegawa-124\/","url_meta":{"origin":1394,"position":0},"title":"Nissan R89C Calsonic [Hasegawa 1\/24]","date":"17\/08\/2017","format":false,"excerpt":"Bonsoir, Voici les photos finales de ma\u00a0Nissan R89C... Un v\u00e9hicule tr\u00e8s pratique pour faire les courses ! Fr\u00e9d\u00e9ric","rel":"","context":"Dans &quot;Nissan R89C Calsonic [Hasegawa 1\/24]&quot;","img":{"alt_text":"","src":"","width":0,"height":0},"classes":[]},{"id":1610,"url":"http:\/\/karuli.net\/blog\/revue-de-kits\/nissan-r89c-calsonic-hasegawa-1-24\/","url_meta":{"origin":1394,"position":1},"title":"Nissan R89C Calsonic [Hasegawa 1\/24]","date":"31\/10\/2022","format":false,"excerpt":"Bonsoir,Voici les photos finales de ma\u00a0Nissan R89C... Un v\u00e9hicule tr\u00e8s pratique pour faire les courses !Fr\u00e9d\u00e9ric","rel":"","context":"Dans &quot;Revue de kits&quot;","img":{"alt_text":"","src":"","width":0,"height":0},"classes":[]},{"id":1005,"url":"http:\/\/karuli.net\/blog\/revue-de-kits\/revue-nissan-r89c-calsonic-hasegawa-20245\/","url_meta":{"origin":1394,"position":2},"title":"Revue Nissan R89C Calsonic [Hasegawa 20245]","date":"26\/08\/2016","format":false,"excerpt":"Vendredi 8 Avril 2016 Bonjour, Histoire de varier les plaisirs, je vous propose de d\u00e9couvrir un kit de voiture... et quelle voiture ! Un sport proto dont je trouve la ligne magnifique : la Nissan R89 C Voici la vraie : Source photo : tenamp.com Et voici sa version r\u00e9duite\u2026","rel":"","context":"Dans &quot;Revue de kits&quot;","img":{"alt_text":"","src":"","width":0,"height":0},"classes":[]},{"id":52,"url":"http:\/\/karuli.net\/blog\/vehicules\/camion-citerne-isuzu-tx-40\/","url_meta":{"origin":1394,"position":3},"title":"Isuzu TX-40 [Hasegawa 1\/72]","date":"18\/08\/2013","format":false,"excerpt":"Salut, Je vous propose de d\u00e9couvrir la version \"gros bidon\" de l'ISUZU TX-40. Accessoirement, ce montage marque mon retour aux v\u00e9hicules en r\u00e9duction. Enjoy!","rel":"","context":"Dans &quot;Isuzu TX-40 [Hasegawa 1\/72]&quot;","img":{"alt_text":"","src":"","width":0,"height":0},"classes":[]},{"id":1180,"url":"http:\/\/karuli.net\/blog\/revue-de-kits\/revue-mig-25-foxbat-condor\/","url_meta":{"origin":1394,"position":4},"title":"Revue MiG 25 Foxbat [Condor]","date":"17\/11\/2016","format":false,"excerpt":"Bonjour, Je vous propose de d\u00e9couvrir (ou revoir) la d\u00e9clinaison Condor du MiG 25 Foxbat. On d\u00e9marre avec un boxart que personnellement je trouve superbe.Curieusement, je n'ai jamais retrouv\u00e9 CE boxart sur le web. Et on encha\u00eene avec les grappes qui sont relativement propres : La planche de d\u00e9cals fait\u2026","rel":"","context":"Dans &quot;Revue de kits&quot;","img":{"alt_text":"","src":"","width":0,"height":0},"classes":[]},{"id":534,"url":"http:\/\/karuli.net\/blog\/revue-de-kits\/revue-convair-f-106-delta-dart-hasegawa-00341\/","url_meta":{"origin":1394,"position":5},"title":"Revue Convair F-106 Delta Dart [Hasegawa 00341]","date":"12\/06\/2014","format":false,"excerpt":"Salut, Je vous propose une revue de l'intercepteur F-106 made in Hasegawa. Le boxart pr\u00e9sente la b\u00eate en pleine action. Il r\u00e9sume bien ce qu'il y a \u00e0 l'int\u00e9rieur de la bo\u00eete puisqu'il est possible de pr\u00e9senter la soute \u00e0 missiles en position ouverte (et oui, le Raptor n'a rien\u2026","rel":"","context":"Dans &quot;Revue de kits&quot;","img":{"alt_text":"","src":"","width":0,"height":0},"classes":[]}],"_links":{"self":[{"href":"http:\/\/karuli.net\/blog\/wp-json\/wp\/v2\/posts\/1394"}],"collection":[{"href":"http:\/\/karuli.net\/blog\/wp-json\/wp\/v2\/posts"}],"about":[{"href":"http:\/\/karuli.net\/blog\/wp-json\/wp\/v2\/types\/post"}],"author":[{"embeddable":true,"href":"http:\/\/karuli.net\/blog\/wp-json\/wp\/v2\/users\/3"}],"replies":[{"embeddable":true,"href":"http:\/\/karuli.net\/blog\/wp-json\/wp\/v2\/comments?post=1394"}],"version-history":[{"count":4,"href":"http:\/\/karuli.net\/blog\/wp-json\/wp\/v2\/posts\/1394\/revisions"}],"predecessor-version":[{"id":1408,"href":"http:\/\/karuli.net\/blog\/wp-json\/wp\/v2\/posts\/1394\/revisions\/1408"}],"wp:attachment":[{"href":"http:\/\/karuli.net\/blog\/wp-json\/wp\/v2\/media?parent=1394"}],"wp:term":[{"taxonomy":"category","embeddable":true,"href":"http:\/\/karuli.net\/blog\/wp-json\/wp\/v2\/categories?post=1394"},{"taxonomy":"post_tag","embeddable":true,"href":"http:\/\/karuli.net\/blog\/wp-json\/wp\/v2\/tags?post=1394"}],"curies":[{"name":"wp","href":"https:\/\/api.w.org\/{rel}","templated":true}]}}