{"id":871,"date":"2016-05-21T00:20:01","date_gmt":"2016-05-20T22:20:01","guid":{"rendered":"http:\/\/karuli.net\/blog\/?p=871"},"modified":"2016-07-18T13:30:00","modified_gmt":"2016-07-18T11:30:00","slug":"bleu-comme-le-niemen","status":"publish","type":"post","link":"http:\/\/karuli.net\/blog\/aeronefs\/bleu-comme-le-niemen\/","title":{"rendered":"Bleu comme le Niemen&#8230;"},"content":{"rendered":"<p>Le R\u00e9giment de chasse \u00ab\u00a0Normandie-Niemen\u00a0\u00bb (\u00e9galement appel\u00e9 \u00ab\u00a0Neu-Neu\u00a0\u00bb) est une des unit\u00e9s les plus renomm\u00e9e de l&rsquo;Arm\u00e9e de \u00a0l&rsquo;Air Fran\u00e7aise. Elle doit cette notori\u00e9t\u00e9 au nombre de victoires obtenues lors de la seconde guerre mondiale. De m\u00eame, le fait d&rsquo;avoir combattu aux c\u00f4t\u00e9s des \u00a0troupes Sovi\u00e9tiques donne une dimension sans pareil \u00e0 son histoire. Cette proximit\u00e9 avec l&rsquo;arm\u00e9e Russe a permis de \u00a0tisser des liens d&rsquo;amiti\u00e9s qui perdurent depuis lors.<\/p>\n<p><img src=\"https:\/\/c2.staticflickr.com\/8\/7586\/26967761071_97796a815b_o.jpg\" alt=\"\" \/><\/p>\n<p>Insigne du R\u00e9giment (source Wikimedia)<\/p>\n<p>D\u00e8s la fin des hostilit\u00e9s, les r\u00e9giments Fran\u00e7ais et Russes prirent pour habitude de comm\u00e9morer annuellement leur amiti\u00e9. Cet \u00e9v\u00e9nement fut l&rsquo;occasion de d\u00e9couvrir des appareils sp\u00e9cialement d\u00e9cor\u00e9s pour cette occasion. En 1992, un Mirage F1 arbora une d\u00e9coration \u00a0d&rsquo;une rare \u00e9l\u00e9gance :<\/p>\n<p><img src=\"https:\/\/c2.staticflickr.com\/8\/7108\/7768413850_098ca90d0b_z.jpg\" alt=\"\" \/><br \/>\n<img src=\"https:\/\/c2.staticflickr.com\/8\/7271\/7768266540_6359949196_z.jpg\" alt=\"\" \/><br \/>\n<img src=\"https:\/\/c2.staticflickr.com\/8\/7125\/7768314236_9475caa5af_n.jpg\" alt=\"\" \/><\/p>\n<p>(source : <a href=\"https:\/\/www.flickr.com\/photos\/sletch\/albums\/72157631036829358\" target=\"_blank\" rel=\"nofollow\">Album photo d\u00e9di\u00e9 \u00e0 l&rsquo;appareil sur la page FlickR de sletch)<\/a><\/p>\n<p>L&rsquo;arm\u00e9e Russe ne fut pas en reste puisqu&rsquo;elle d\u00e9pla\u00e7a sur la Base A\u00e9rienne de Reims, un MiG 29 harmonieusement d\u00e9cor\u00e9 :<\/p>\n<p><img src=\"https:\/\/c2.staticflickr.com\/8\/7732\/26762995930_126e87a2e1_z.jpg\" alt=\"\" \/><\/p>\n<p>(source : <a href=\"http:\/\/aeromil-yf.pagesperso-orange.fr\/ba_112_reims.htm\" target=\"_blank\" rel=\"nofollow\">aeromil-yf<\/a>)<\/p>\n<p>La livr\u00e9e de l&rsquo;ann\u00e9e 2009 fut empreinte d&rsquo;\u00e9motion et de tristesse. Elle marquait, en effet, la mise en sommeil du R\u00e9giment de Chasse 02.030 \u00ab\u00a0Neu-Neu\u00a0\u00bb. Pour cette occasion, les appareils Russes et Fran\u00e7ais rev\u00eatir une d\u00e9coration commune. Les \u00a0Mirage F1 CT se par\u00e8rent de noir, symbole du \u00ab\u00a0deuil\u00a0\u00bb que portaient le personnel du r\u00e9giment Fran\u00e7ais.<\/p>\n<p><img src=\"https:\/\/c2.staticflickr.com\/8\/7638\/26968243311_eb73e61abc_o.jpg\" alt=\"\" \/><br \/>\n<img src=\"https:\/\/c2.staticflickr.com\/8\/7325\/26431283304_88bbfb45e0_o.jpg\" alt=\"\" \/><\/p>\n<p>(source : <a href=\"http:\/\/pam2013.forumactif.org\/t63-mirage-f1-ct-dissolution-du-2-30-en-2009-heller-1-72-syhart-decal\" target=\"_blank\" rel=\"nofollow\">Passion Aviation Maquettes<\/a>)<\/p>\n<p>Plus po\u00e9tiques, les pilote Russes choisirent un bleu-gris pour leur Sukhoi Berkut. Baptis\u00e9 \u00ab\u00a0Bleu Niemen\u00a0\u00bb, cette d\u00e9coration \u00e9tait une allusion \u00e0 la couleur des eaux du fleuve Niemen.<\/p>\n<p>Extrait de \u00ab Berkut\u2019s paradise \u00bb de Jonas LEITCH (aux \u00e9ditions de la Mer du Nord)<\/p>\n<p><strong>Le Sukhoi Su-47 Berkut \u00ab\u00a0Bleu Niemen\u00a0\u00bb en maquette<\/strong><\/p>\n<p><img src=\"https:\/\/c1.staticflickr.com\/1\/585\/22284885705_d608274b8e_b.jpg\" alt=\"\" \/><br \/>\n<img src=\"https:\/\/c1.staticflickr.com\/1\/743\/21662158794_3a8f0062de_b.jpg\" alt=\"\" \/><br \/>\n<img src=\"https:\/\/c2.staticflickr.com\/6\/5827\/22098063819_9735fbe735_b.jpg\" alt=\"\" \/><br \/>\n<img src=\"https:\/\/c2.staticflickr.com\/6\/5700\/22258873516_032437b3d2_b.jpg\" alt=\"\" \/><br \/>\n<img src=\"https:\/\/c1.staticflickr.com\/1\/722\/22272033522_1ca6dd6666_b.jpg\" alt=\"\" \/><br \/>\n<img src=\"https:\/\/c1.staticflickr.com\/1\/605\/22295422071_558a7bd67e_b.jpg\" alt=\"\" \/><br \/>\n<img src=\"https:\/\/c1.staticflickr.com\/1\/662\/21663856823_1442e7b2d4_b.jpg\" alt=\"\" \/><br \/>\n<img src=\"https:\/\/c2.staticflickr.com\/6\/5727\/22272036502_35bc3a1784_b.jpg\" alt=\"\" \/><br \/>\n<img src=\"https:\/\/c1.staticflickr.com\/1\/645\/22098068799_8612f55beb_b.jpg\" alt=\"\" \/><br \/>\n<img src=\"https:\/\/c1.staticflickr.com\/1\/704\/22284889695_70c370d439_b.jpg\" alt=\"\" \/><\/p>\n","protected":false},"excerpt":{"rendered":"<p>Le R\u00e9giment de chasse \u00ab\u00a0Normandie-Niemen\u00a0\u00bb (\u00e9galement appel\u00e9 \u00ab\u00a0Neu-Neu\u00a0\u00bb) est une des unit\u00e9s les plus renomm\u00e9e de l&rsquo;Arm\u00e9e de \u00a0l&rsquo;Air Fran\u00e7aise. Elle doit cette notori\u00e9t\u00e9 au nombre de victoires obtenues lors de la seconde guerre mondiale. De m\u00eame, le fait d&rsquo;avoir combattu aux c\u00f4t\u00e9s des \u00a0troupes Sovi\u00e9tiques donne une dimension sans pareil \u00e0 son histoire. Cette &hellip; <a href=\"http:\/\/karuli.net\/blog\/aeronefs\/bleu-comme-le-niemen\/\" class=\"more-link\">Continuer la lecture de <span class=\"screen-reader-text\">Bleu comme le Niemen&#8230;<\/span> <span class=\"meta-nav\">&rarr;<\/span><\/a><\/p>\n","protected":false},"author":3,"featured_media":0,"comment_status":"open","ping_status":"open","sticky":false,"template":"","format":"standard","meta":{"_exactmetrics_skip_tracking":false,"_exactmetrics_sitenote_active":false,"_exactmetrics_sitenote_note":"","_exactmetrics_sitenote_category":0,"spay_email":"","jetpack_publicize_message":"Bleu comme le Niemen...","jetpack_is_tweetstorm":false},"categories":[8,212],"tags":[23,65,30,190,167],"yoast_head":"<!-- This site is optimized with the Yoast SEO plugin v16.9 - https:\/\/yoast.com\/wordpress\/plugins\/seo\/ -->\n<meta name=\"robots\" content=\"index, follow, max-snippet:-1, max-image-preview:large, max-video-preview:-1\" \/>\n<link rel=\"canonical\" href=\"http:\/\/karuli.net\/blog\/aeronefs\/bleu-comme-le-niemen\/\" \/>\n<meta property=\"og:locale\" content=\"fr_FR\" \/>\n<meta property=\"og:type\" content=\"article\" \/>\n<meta property=\"og:title\" content=\"Bleu comme le Niemen... - Plan\u00e8te sletch\" \/>\n<meta property=\"og:description\" content=\"Le R\u00e9giment de chasse \u00ab\u00a0Normandie-Niemen\u00a0\u00bb (\u00e9galement appel\u00e9 \u00ab\u00a0Neu-Neu\u00a0\u00bb) est une des unit\u00e9s les plus renomm\u00e9e de l&rsquo;Arm\u00e9e de \u00a0l&rsquo;Air Fran\u00e7aise. Elle doit cette notori\u00e9t\u00e9 au nombre de victoires obtenues lors de la seconde guerre mondiale. De m\u00eame, le fait d&rsquo;avoir combattu aux c\u00f4t\u00e9s des \u00a0troupes Sovi\u00e9tiques donne une dimension sans pareil \u00e0 son histoire. Cette &hellip; Continuer la lecture de Bleu comme le Niemen&#8230; &rarr;\" \/>\n<meta property=\"og:url\" content=\"http:\/\/karuli.net\/blog\/aeronefs\/bleu-comme-le-niemen\/\" \/>\n<meta property=\"og:site_name\" content=\"Plan\u00e8te sletch\" \/>\n<meta property=\"article:publisher\" content=\"https:\/\/www.facebook.com\/planete.sletch.3\" \/>\n<meta property=\"article:published_time\" content=\"2016-05-20T22:20:01+00:00\" \/>\n<meta property=\"article:modified_time\" content=\"2016-07-18T11:30:00+00:00\" \/>\n<meta property=\"og:image\" content=\"https:\/\/c2.staticflickr.com\/8\/7586\/26967761071_97796a815b_o.jpg\" \/>\n<meta name=\"twitter:card\" content=\"summary\" \/>\n<meta name=\"twitter:label1\" content=\"\u00c9crit par\" \/>\n\t<meta name=\"twitter:data1\" content=\"sletch\" \/>\n\t<meta name=\"twitter:label2\" content=\"Dur\u00e9e de lecture est.\" \/>\n\t<meta name=\"twitter:data2\" content=\"1 minute\" \/>\n<script type=\"application\/ld+json\" class=\"yoast-schema-graph\">{\"@context\":\"https:\/\/schema.org\",\"@graph\":[{\"@type\":\"WebSite\",\"@id\":\"http:\/\/karuli.net\/blog\/#website\",\"url\":\"http:\/\/karuli.net\/blog\/\",\"name\":\"Plan\\u00e8te sletch\",\"description\":\"Le fief de la maquette\",\"potentialAction\":[{\"@type\":\"SearchAction\",\"target\":{\"@type\":\"EntryPoint\",\"urlTemplate\":\"http:\/\/karuli.net\/blog\/?s={search_term_string}\"},\"query-input\":\"required name=search_term_string\"}],\"inLanguage\":\"fr-FR\"},{\"@type\":\"ImageObject\",\"@id\":\"http:\/\/karuli.net\/blog\/aeronefs\/bleu-comme-le-niemen\/#primaryimage\",\"inLanguage\":\"fr-FR\",\"url\":\"https:\/\/c2.staticflickr.com\/8\/7586\/26967761071_97796a815b_o.jpg\",\"contentUrl\":\"https:\/\/c2.staticflickr.com\/8\/7586\/26967761071_97796a815b_o.jpg\"},{\"@type\":\"WebPage\",\"@id\":\"http:\/\/karuli.net\/blog\/aeronefs\/bleu-comme-le-niemen\/#webpage\",\"url\":\"http:\/\/karuli.net\/blog\/aeronefs\/bleu-comme-le-niemen\/\",\"name\":\"Bleu comme le Niemen... - Plan\\u00e8te sletch\",\"isPartOf\":{\"@id\":\"http:\/\/karuli.net\/blog\/#website\"},\"primaryImageOfPage\":{\"@id\":\"http:\/\/karuli.net\/blog\/aeronefs\/bleu-comme-le-niemen\/#primaryimage\"},\"datePublished\":\"2016-05-20T22:20:01+00:00\",\"dateModified\":\"2016-07-18T11:30:00+00:00\",\"author\":{\"@id\":\"http:\/\/karuli.net\/blog\/#\/schema\/person\/3658ba0f5c9394c14578b8b6587b07b7\"},\"breadcrumb\":{\"@id\":\"http:\/\/karuli.net\/blog\/aeronefs\/bleu-comme-le-niemen\/#breadcrumb\"},\"inLanguage\":\"fr-FR\",\"potentialAction\":[{\"@type\":\"ReadAction\",\"target\":[\"http:\/\/karuli.net\/blog\/aeronefs\/bleu-comme-le-niemen\/\"]}]},{\"@type\":\"BreadcrumbList\",\"@id\":\"http:\/\/karuli.net\/blog\/aeronefs\/bleu-comme-le-niemen\/#breadcrumb\",\"itemListElement\":[{\"@type\":\"ListItem\",\"position\":1,\"name\":\"Accueil\",\"item\":\"http:\/\/karuli.net\/blog\/\"},{\"@type\":\"ListItem\",\"position\":2,\"name\":\"Bleu comme le Niemen&#8230;\"}]},{\"@type\":\"Person\",\"@id\":\"http:\/\/karuli.net\/blog\/#\/schema\/person\/3658ba0f5c9394c14578b8b6587b07b7\",\"name\":\"sletch\",\"image\":{\"@type\":\"ImageObject\",\"@id\":\"http:\/\/karuli.net\/blog\/#personlogo\",\"inLanguage\":\"fr-FR\",\"url\":\"http:\/\/1.gravatar.com\/avatar\/1c1f19af7dc9701b85016e467f549416?s=96&d=mm&r=g\",\"contentUrl\":\"http:\/\/1.gravatar.com\/avatar\/1c1f19af7dc9701b85016e467f549416?s=96&d=mm&r=g\",\"caption\":\"sletch\"},\"url\":\"http:\/\/karuli.net\/blog\/author\/sletch\/\"}]}<\/script>\n<!-- \/ Yoast SEO plugin. -->","yoast_head_json":{"robots":{"index":"index","follow":"follow","max-snippet":"max-snippet:-1","max-image-preview":"max-image-preview:large","max-video-preview":"max-video-preview:-1"},"canonical":"http:\/\/karuli.net\/blog\/aeronefs\/bleu-comme-le-niemen\/","og_locale":"fr_FR","og_type":"article","og_title":"Bleu comme le Niemen... - Plan\u00e8te sletch","og_description":"Le R\u00e9giment de chasse \u00ab\u00a0Normandie-Niemen\u00a0\u00bb (\u00e9galement appel\u00e9 \u00ab\u00a0Neu-Neu\u00a0\u00bb) est une des unit\u00e9s les plus renomm\u00e9e de l&rsquo;Arm\u00e9e de \u00a0l&rsquo;Air Fran\u00e7aise. Elle doit cette notori\u00e9t\u00e9 au nombre de victoires obtenues lors de la seconde guerre mondiale. De m\u00eame, le fait d&rsquo;avoir combattu aux c\u00f4t\u00e9s des \u00a0troupes Sovi\u00e9tiques donne une dimension sans pareil \u00e0 son histoire. Cette &hellip; Continuer la lecture de Bleu comme le Niemen&#8230; &rarr;","og_url":"http:\/\/karuli.net\/blog\/aeronefs\/bleu-comme-le-niemen\/","og_site_name":"Plan\u00e8te sletch","article_publisher":"https:\/\/www.facebook.com\/planete.sletch.3","article_published_time":"2016-05-20T22:20:01+00:00","article_modified_time":"2016-07-18T11:30:00+00:00","og_image":[{"url":"https:\/\/c2.staticflickr.com\/8\/7586\/26967761071_97796a815b_o.jpg"}],"twitter_card":"summary","twitter_misc":{"\u00c9crit par":"sletch","Dur\u00e9e de lecture est.":"1 minute"},"schema":{"@context":"https:\/\/schema.org","@graph":[{"@type":"WebSite","@id":"http:\/\/karuli.net\/blog\/#website","url":"http:\/\/karuli.net\/blog\/","name":"Plan\u00e8te sletch","description":"Le fief de la maquette","potentialAction":[{"@type":"SearchAction","target":{"@type":"EntryPoint","urlTemplate":"http:\/\/karuli.net\/blog\/?s={search_term_string}"},"query-input":"required name=search_term_string"}],"inLanguage":"fr-FR"},{"@type":"ImageObject","@id":"http:\/\/karuli.net\/blog\/aeronefs\/bleu-comme-le-niemen\/#primaryimage","inLanguage":"fr-FR","url":"https:\/\/c2.staticflickr.com\/8\/7586\/26967761071_97796a815b_o.jpg","contentUrl":"https:\/\/c2.staticflickr.com\/8\/7586\/26967761071_97796a815b_o.jpg"},{"@type":"WebPage","@id":"http:\/\/karuli.net\/blog\/aeronefs\/bleu-comme-le-niemen\/#webpage","url":"http:\/\/karuli.net\/blog\/aeronefs\/bleu-comme-le-niemen\/","name":"Bleu comme le Niemen... - Plan\u00e8te sletch","isPartOf":{"@id":"http:\/\/karuli.net\/blog\/#website"},"primaryImageOfPage":{"@id":"http:\/\/karuli.net\/blog\/aeronefs\/bleu-comme-le-niemen\/#primaryimage"},"datePublished":"2016-05-20T22:20:01+00:00","dateModified":"2016-07-18T11:30:00+00:00","author":{"@id":"http:\/\/karuli.net\/blog\/#\/schema\/person\/3658ba0f5c9394c14578b8b6587b07b7"},"breadcrumb":{"@id":"http:\/\/karuli.net\/blog\/aeronefs\/bleu-comme-le-niemen\/#breadcrumb"},"inLanguage":"fr-FR","potentialAction":[{"@type":"ReadAction","target":["http:\/\/karuli.net\/blog\/aeronefs\/bleu-comme-le-niemen\/"]}]},{"@type":"BreadcrumbList","@id":"http:\/\/karuli.net\/blog\/aeronefs\/bleu-comme-le-niemen\/#breadcrumb","itemListElement":[{"@type":"ListItem","position":1,"name":"Accueil","item":"http:\/\/karuli.net\/blog\/"},{"@type":"ListItem","position":2,"name":"Bleu comme le Niemen&#8230;"}]},{"@type":"Person","@id":"http:\/\/karuli.net\/blog\/#\/schema\/person\/3658ba0f5c9394c14578b8b6587b07b7","name":"sletch","image":{"@type":"ImageObject","@id":"http:\/\/karuli.net\/blog\/#personlogo","inLanguage":"fr-FR","url":"http:\/\/1.gravatar.com\/avatar\/1c1f19af7dc9701b85016e467f549416?s=96&d=mm&r=g","contentUrl":"http:\/\/1.gravatar.com\/avatar\/1c1f19af7dc9701b85016e467f549416?s=96&d=mm&r=g","caption":"sletch"},"url":"http:\/\/karuli.net\/blog\/author\/sletch\/"}]}},"jetpack_featured_media_url":"","jetpack_publicize_connections":[],"jetpack_sharing_enabled":true,"jetpack_shortlink":"https:\/\/wp.me\/p7txMJ-e3","jetpack-related-posts":[{"id":687,"url":"http:\/\/karuli.net\/blog\/aeronefs\/anja-krycek\/","url_meta":{"origin":871,"position":0},"title":"Anja Krycek","date":"09\/11\/2014","format":false,"excerpt":"Issue d'une famille d'aviateurs, Anya Krycek d\u00e9montra tr\u00e8s t\u00f4t ses qualit\u00e9s de pilote. Durant sa carri\u00e8re civil, elle conquis de nombreux titres dans des comp\u00e9titions internationales de voltige et de vol \u00e0 voile. Anja Krycek (de dos avec un chapeau clair) et son planeur Orlik II durant un meeting a\u00e9rien\u2026","rel":"","context":"Dans &quot;A\u00e9ronefs&quot;","img":{"alt_text":"","src":"","width":0,"height":0},"classes":[]},{"id":1414,"url":"http:\/\/karuli.net\/blog\/revue-de-kits\/revue-super-mirage-4000-modelsvit-1-72\/","url_meta":{"origin":871,"position":1},"title":"Revue Dassault Super Mirage 4000 [Modelsvit 1\/72]","date":"22\/10\/2018","format":false,"excerpt":"Bonjour les amies et amis !\u00a0 Je vous propose de d\u00e9couvrir d'un kit que j'attends depuis biiiiiiiien longtemps. Et pour cause ! J'adore le\u00a0Super MIrage 4000\u00a0 Ce prototype de la maison Dassault aurait pu \u00eatre le chasseur \u00e0 haute-performances de l'arm\u00e9e de l'air fran\u00e7aise (r\u00eavons un peu) ou Saoudienne (plus\u2026","rel":"","context":"Dans &quot;Revue de kits&quot;","img":{"alt_text":"","src":"","width":0,"height":0},"classes":[]},{"id":202,"url":"http:\/\/karuli.net\/blog\/aeronefs\/laigle-royal-survole-la-france\/","url_meta":{"origin":871,"position":2},"title":"L'aigle royal survole la France","date":"29\/10\/2013","format":false,"excerpt":"Lorsqu'il devint \u00e9vident que le Rafale n'atteindrait pas les performances escompt\u00e9s, Dassault Aviation se lan\u00e7a dans un vaste programme d'am\u00e9lioration de son appareil. Baptis\u00e9e \"Standard F2\", cette tentative de reconqu\u00eate de cr\u00e9dit (et de cr\u00e9dits) s'est toutefois av\u00e9r\u00e9e vaine. Les insuffisances d'ordre conceptuelles condamnaient d\u00e9finitivement le Rafale \u00e0 rester un\u2026","rel":"","context":"Dans &quot;A\u00e9ronefs&quot;","img":{"alt_text":"","src":"","width":0,"height":0},"classes":[]},{"id":1137,"url":"http:\/\/karuli.net\/blog\/aeronefs\/sa-2-guideline-trumpeter-135\/","url_meta":{"origin":871,"position":3},"title":"SA-2 Guideline [Trumpeter 1\/35]","date":"02\/10\/2016","format":false,"excerpt":"Bonsoir, Voici quelques photos de ma derni\u00e8re cr\u00e9ation : le missile sol-air Russe S-75 Dvina alias SA-2 Guideline dans la terminologie OTAN. Tout d'abord, un peu d'histoire tir\u00e9e du net... Source : Wikipedia et wikimedia Volant \u00e0 Mach 3,5, affichant 40 km de port\u00e9e, arm\u00e9 d\u2019une charge explosive de 130\u2026","rel":"","context":"Dans &quot;A\u00e9ronefs&quot;","img":{"alt_text":"","src":"","width":0,"height":0},"classes":[]},{"id":1646,"url":"http:\/\/karuli.net\/blog\/revue-de-kits\/revue-amiot-143-smer-1-72\/","url_meta":{"origin":871,"position":4},"title":"Revue Amiot 143 [Smer 1\/72]","date":"02\/11\/2023","format":false,"excerpt":"Salut,Je vous propose une rapide revue du kit du bombardier fran\u00e7ais\u00a0AMIOT 143\u00a0au look... disons... \"particulier\"C\u00f4t\u00e9 kit, il faut aller dans le catalogue Smer pour le trouver... Smer qui est lui-m\u00eame all\u00e9 cherch\u00e9 une production d'Heller qui date de... 1966 !Smer s'est donc content\u00e9 d'un reboitage sans y adjoindre le moindre\u2026","rel":"","context":"Dans &quot;Revue de kits&quot;","img":{"alt_text":"","src":"","width":0,"height":0},"classes":[]},{"id":1604,"url":"http:\/\/karuli.net\/blog\/revue-de-kits\/northrop-xp-56-black-bullet-icm-1-72\/","url_meta":{"origin":871,"position":5},"title":"Northrop XP-56 Black Bullet [ICM 1\/72]","date":"08\/10\/2022","format":false,"excerpt":"Bonsoir,Lors des expos de Dourdan et Tinqueux, j'ai pr\u00e9sent\u00e9 un petit avion noir avec un damier jaune sur ma table. Ce Northrop XP-56 Black Bullet de MPM...... est le r\u00e9sultat du test d'une nouvelle bande cacheCela faisait longtemps que je souhaitais faire un damier en bande cache. J'ai concr\u00e9tis\u00e9 cette\u2026","rel":"","context":"Dans &quot;Revue de kits&quot;","img":{"alt_text":"","src":"","width":0,"height":0},"classes":[]}],"_links":{"self":[{"href":"http:\/\/karuli.net\/blog\/wp-json\/wp\/v2\/posts\/871"}],"collection":[{"href":"http:\/\/karuli.net\/blog\/wp-json\/wp\/v2\/posts"}],"about":[{"href":"http:\/\/karuli.net\/blog\/wp-json\/wp\/v2\/types\/post"}],"author":[{"embeddable":true,"href":"http:\/\/karuli.net\/blog\/wp-json\/wp\/v2\/users\/3"}],"replies":[{"embeddable":true,"href":"http:\/\/karuli.net\/blog\/wp-json\/wp\/v2\/comments?post=871"}],"version-history":[{"count":3,"href":"http:\/\/karuli.net\/blog\/wp-json\/wp\/v2\/posts\/871\/revisions"}],"predecessor-version":[{"id":895,"href":"http:\/\/karuli.net\/blog\/wp-json\/wp\/v2\/posts\/871\/revisions\/895"}],"wp:attachment":[{"href":"http:\/\/karuli.net\/blog\/wp-json\/wp\/v2\/media?parent=871"}],"wp:term":[{"taxonomy":"category","embeddable":true,"href":"http:\/\/karuli.net\/blog\/wp-json\/wp\/v2\/categories?post=871"},{"taxonomy":"post_tag","embeddable":true,"href":"http:\/\/karuli.net\/blog\/wp-json\/wp\/v2\/tags?post=871"}],"curies":[{"name":"wp","href":"https:\/\/api.w.org\/{rel}","templated":true}]}}