{"id":920,"date":"2016-08-12T23:22:54","date_gmt":"2016-08-12T21:22:54","guid":{"rendered":"http:\/\/karuli.net\/blog\/?p=920"},"modified":"2016-08-12T23:29:45","modified_gmt":"2016-08-12T21:29:45","slug":"montage-arado-ar-e-555-revell-172","status":"publish","type":"post","link":"http:\/\/karuli.net\/blog\/detail-des-montages\/montage-arado-ar-e-555-revell-172\/","title":{"rendered":"Montage Arado Ar E 555  [Revell 1\/72]"},"content":{"rendered":"<div class=\"postbody-head postdetails post-header\">\n<p class=\"author\">Mar 11 D\u00e9c 2012 &#8211; 0:32<\/p>\n<\/div>\n<div class=\"post-entry\">\n<div>\n<p>Salut,<\/p>\n<p>Pour me changer les id\u00e9es, j&rsquo;ai entam\u00e9 ce kit hier soir.<\/p>\n<p><img class=\"\" src=\"http:\/\/farm9.staticflickr.com\/8495\/8259830231_188600816d_z.jpg\" alt=\"\" \/><\/p>\n<p>Pour \u00eatre plus pr\u00e9cis, je devrais dire : sortie du stock et rep\u00e9rage des d\u00e9cos possibles, hier soir.<\/p>\n<p>D\u00e9grappage de quelques pi\u00e8ces&#8230;<\/p>\n<p><img class=\"\" src=\"http:\/\/farm9.staticflickr.com\/8496\/8262836944_100cb266b6.jpg\" alt=\"\" \/><\/p>\n<p>et collage dans la foul\u00e9e ce soir :<\/p>\n<p><img class=\"\" src=\"http:\/\/farm9.staticflickr.com\/8198\/8262830268_3b54ab0790.jpg\" alt=\"\" \/><\/p>\n<p>Sinon, je n&rsquo;ai pas pu r\u00e9sister \u00e0 l&rsquo;envie d&rsquo;assembler \u00e0 blanc les deux immenses demi-fuselages<br \/>\n<img class=\"\" src=\"http:\/\/farm9.staticflickr.com\/8206\/8261766035_412dd98e67.jpg\" alt=\"\" \/><\/p>\n<p>Ce sera tout pour aujourd&rsquo;hui<\/p>\n<p>Oui, je sais : ce n&rsquo;est pas beaucoup. Mais il faut un d\u00e9but \u00e0 tout \u00a0! Par ailleurs, je ne vais pas me prendre la t\u00eate avec ce kit. C&rsquo;est un montage d\u00e9tente qui avancera en parall\u00e8le d&rsquo;autres plus complexes<\/p>\n<p>A bient\u00f4t pour de nouvelles aventures.<\/p>\n<p>CIAO \/ Fr\u00e9d\u00e9ric<\/p>\n<\/div>\n<div>* \u00a0* \u00a0* \u00a0* \u00a0* \u00a0* \u00a0* \u00a0* \u00a0*<\/div>\n<\/div>\n<div>\n<div>\n<div class=\"postbody-head postdetails post-header\">\n<p class=\"author\">Jeu 27 D\u00e9c 2012 &#8211; 23:55<\/p>\n<\/div>\n<div class=\"post-entry\">\n<div>\n<p>Salut,<\/p>\n<p>A vos pinceaux&#8230; pr\u00eat ?&#8230; PEINDEZ !!!<\/p>\n<p>J&rsquo;ai fait quelques travaux de peinture sur mon Arado. Pour m\u00e9moire, il s&rsquo;agit d&rsquo;un avion de papier. Aussi, je vous attendez pas \u00e0 un respect stricte du fameux bleu \u00ab\u00a0RLM02\u00a0\u00bb et autre rouge \u00ab\u00a0shwartzgrun\u00a0\u00bb.\u00a0M\u00eame Revell semble prendre quelques libert\u00e9s sur le sujet.<\/p>\n<p>J&rsquo;ai donc peins les moyeux de roues en noir (Humbrol 33) en attendant de faire les pneus en Tank Grey (Euh&#8230; c&rsquo;est quoi comme mati\u00e8re ?!?). Le cockpit est gris Panzer (Hu 67). Revell propose un gris souris pour cette partie mais, comme d&rsquo;hab., le d\u00e9taillage int\u00e9rieur sera compl\u00e8tement masqu\u00e9 une fois la verri\u00e8re pos\u00e9e. Je vois mal Revell porter plainte contre Moi pour si peu&#8230; enfin&#8230; j&rsquo;esp\u00e8re \u00a0!!!<\/p>\n<p>Les puits, jambes de trains et biellettes sont cens\u00e9es \u00eatre vert olive&#8230; que je n&rsquo;avais pas en stock et que j&rsquo;ai donc remplac\u00e9 par de l&rsquo;Humbrol 80 Grass Green (&#8230; vous me suivez ?).<\/p>\n<p><img class=\"\" src=\"http:\/\/farm9.staticflickr.com\/8084\/8315083397_62ab0b1157.jpg\" alt=\"\" \/><img class=\"\" src=\"http:\/\/farm9.staticflickr.com\/8075\/8315083603_aba4750129.jpg\" alt=\"\" \/><br \/>\n<img class=\"\" src=\"http:\/\/farm9.staticflickr.com\/8220\/8315084115_3956ec5251.jpg\" alt=\"\" \/><img class=\"\" src=\"http:\/\/farm9.staticflickr.com\/8503\/8316135464_079ac953e1.jpg\" alt=\"\" \/><\/p>\n<p>Nota bene : la couleur est plus sombre dans la r\u00e9alit\u00e9.<\/p>\n<p>Voili voulou ! Rien de bien passionnant pour l&rsquo;instant puisque j&rsquo;en suis \u00e0 la 1\u00e8re couche. La prochaine fois, je finirais le cockpit ET le train, ce dernier devant \u00eatre ins\u00e9r\u00e9 avant de fermer le fuselage (je sens que \u00e7a va \u00eatre simple c&rsquo;t&rsquo;histoire )<\/p>\n<p>A bient\u00f4t pour de nouvelles aventures.<\/p>\n<\/div>\n<\/div>\n<p>CIAO \/ Fr\u00e9d\u00e9ric<\/p>\n<\/div>\n<div>* \u00a0* \u00a0* \u00a0* \u00a0* \u00a0* \u00a0* \u00a0* \u00a0*<\/div>\n<div>\n<div class=\"postbody-head postdetails post-header\">\n<p class=\"author\">Jeu 3 Jan 2013 &#8211; 10:19<\/p>\n<\/div>\n<div class=\"post-entry\">\n<div>\n<p>Salut,<\/p>\n<p><strong>WELCOME OUT BOARD<\/strong><\/p>\n<p>C&rsquo;est d\u00e9cid\u00e9 : Je vais am\u00e9nager mon cockpit pour le rendre plus sympa<br \/>\n<img class=\"\" src=\"http:\/\/farm9.staticflickr.com\/8352\/8338752831_31b2ca715d.jpg\" alt=\"\" \/><\/p>\n<p>On commence par lui mettre une paire de pilote r\u00e9cup\u00e9r\u00e9s sur la grappe de mon Do-24.\u00a0\u00a0Euh&#8230; ah mince ! \u00c7a ne rentre pas \u00e0 moins de lui sectionner les deux jambes (&#8230; ce qui ne serait gu\u00e8re pratique pour piloter ce bombardier)<\/p>\n<p><img class=\"\" src=\"http:\/\/farm9.staticflickr.com\/8213\/8338752489_6b1d6bc968.jpg\" alt=\"\" \/><img class=\"\" src=\"http:\/\/farm9.staticflickr.com\/8497\/8338753231_7f3df08d78.jpg\" alt=\"\" \/><\/p>\n<p>Apr\u00e8s cette p\u00e9nible s\u00e9ance d&rsquo;essayage rat\u00e9e, j&rsquo;ai accord\u00e9 un peu de repos \u00e0 mon apprenti pilote puis l&rsquo;ai renvoy\u00e9 chez lui :<br \/>\n<img class=\"\" src=\"http:\/\/farm9.staticflickr.com\/8497\/8339811164_7cb7945b4e.jpg\" alt=\"\" \/><\/p>\n<p><strong>ATTACHE-MOI<\/strong> (c&rsquo;est un film de Pedro Almod\u00f3var avec Victoria Abril et Antonio Banderas. Vous pensiez \u00e0 quoi ? )<\/p>\n<p>Faute de pilote, je vais cr\u00e9er des sangles pour d\u00e9tailler les si\u00e8ges. Pour ce faire, j&rsquo;utilise de la bande cache de 0.5 mm pour les ceintures<br \/>\n<img class=\"\" src=\"http:\/\/farm9.staticflickr.com\/8211\/8339788260_e8a245ae77.jpg\" alt=\"\" \/><\/p>\n<p>&#8230; et du scotch alu de plombier pour les boucles. Ces derni\u00e8res ont la forme de pyramides tronqu\u00e9es :<br \/>\n<img class=\"\" src=\"http:\/\/farm9.staticflickr.com\/8212\/8339811630_eeeaaa27c8.jpg\" alt=\"\" \/><\/p>\n<p>Apr\u00e8s quelques <span style=\"text-decoration: line-through;\">mois<\/span> <span style=\"text-decoration: line-through;\">jours<\/span> heures d&rsquo;effort, le r\u00e9sultat et l\u00e0 :<br \/>\n<img class=\"\" src=\"http:\/\/farm9.staticflickr.com\/8079\/8338753635_dd7483fe55.jpg\" alt=\"\" \/><img class=\"\" src=\"http:\/\/farm9.staticflickr.com\/8351\/8338756231_2e5ec4d064.jpg\" alt=\"\" \/><img class=\"\" src=\"http:\/\/farm9.staticflickr.com\/8081\/8338752093_a320178f8d.jpg\" alt=\"\" \/><img class=\"\" src=\"http:\/\/farm9.staticflickr.com\/8214\/8338755551_592d136552.jpg\" alt=\"\" \/><\/p>\n<p>Il y a des jours o\u00f9 la vie est belle et le soleil brille&#8230;<br \/>\n<img class=\"\" src=\"http:\/\/farm9.staticflickr.com\/8218\/8338755975_923abce9a0.jpg\" alt=\"\" \/><\/p>\n<p>&#8230; mais il suffit d&rsquo;y rien pour l&rsquo;assombrir&#8230;<br \/>\n<img class=\"\" src=\"http:\/\/farm9.staticflickr.com\/8214\/8340033700_a680c57beb.jpg\" alt=\"\" \/><\/p>\n<p><strong>L&rsquo;AILE OU LA CUITE ?<\/strong><\/p>\n<p>Pas facile le collage de l&rsquo;aile. L&rsquo;ajustement est parfait \u00e0 certains endroits mais en d\u00e9calage de pr\u00e8s d&rsquo;un mm sur d&rsquo;autres.\u00a0Apr\u00e8s moultes contorsions et collage en force, j&rsquo;ai r\u00e9ussi \u00e0 ma\u00eetriser la b\u00ea\u00ea\u00ea\u00eate.\u00a0Au passage, j&rsquo;ai install\u00e9 la tourelle arri\u00e8re (&#8230; qui n&rsquo;est pas tr\u00e8s r\u00e9aliste mais bon&#8230;)<br \/>\n<img class=\"\" src=\"http:\/\/farm9.staticflickr.com\/8074\/8338977003_0601593b6e.jpg\" alt=\"\" \/><img class=\"\" src=\"http:\/\/farm9.staticflickr.com\/8076\/8338977241_6c37c5ef16.jpg\" alt=\"\" \/><img class=\"\" src=\"http:\/\/farm9.staticflickr.com\/8359\/8338977807_81ea08087e.jpg\" alt=\"\" \/><\/p>\n<p><strong>ENVOLE MOUAAAA&#8230; ENVOLE MOUA-AH-AH<\/strong><\/p>\n<p>Apr\u00e8s avoir pass\u00e9 deux couches de peinture verte sur les jambes de trains et les trappes, j&rsquo;ai d\u00e9cid\u00e9 de tout fermer.\u00a0\u00a0Suivant les bons conseils d&rsquo;Olivier \u00ab\u00a0<i>Alsacian storm<\/i>\u00ab\u00a0, je vais pr\u00e9senter l&rsquo;avion en vol. Par contre, je n&rsquo;ai pas encore d\u00e9cid\u00e9 si je laissais les trappes \u00e0 bombinettes ouvertes ou non<br \/>\n<img class=\"\" src=\"http:\/\/farm9.staticflickr.com\/8077\/8338754909_2b5bd30df8.jpg\" alt=\"\" \/><img class=\"\" src=\"http:\/\/farm9.staticflickr.com\/8216\/8338751841_46c0bf9ed5.jpg\" alt=\"\" \/><\/p>\n<p>Prochaine \u00e9tape : pont sage et masse tic (et vice-versa).<\/p>\n<p>A bient\u00f4t pour de nouvelles aventures.<\/p>\n<\/div>\n<div><\/div>\n<\/div>\n<\/div>\n<\/div>\n<div>\n<div>CIAO \/ Fr\u00e9d\u00e9ric<\/div>\n<div>* \u00a0* \u00a0* \u00a0* \u00a0* \u00a0* \u00a0* \u00a0* \u00a0*<\/div>\n<\/div>\n<div>\n<div class=\"postbody-head postdetails post-header\">\n<p class=\"author\">Ven 11 Jan 2013 &#8211; 23:43<\/p>\n<\/div>\n<div class=\"post-entry\">\n<div>\n<p>Salut,<\/p>\n<p><strong>LAVIS EN BLEU<\/strong><\/p>\n<p>Tout avait pourtant bien commenc\u00e9. Par une belle nuit d&rsquo;hiver, j&rsquo;ai entam\u00e9 l&rsquo;application du Bleu clair de l&rsquo;intrados (Humbrol 65)<\/p>\n<p><img class=\"\" src=\"http:\/\/farm9.staticflickr.com\/8093\/8366252778_eb6cbd39c7.jpg\" alt=\"\" \/><\/p>\n<p>C&rsquo;\u00e9tait sans compter sur ce fichu d\u00e9mon de <span style=\"text-decoration: line-through;\">minuit<\/span> mastic.\u00a0Les assemblages des trappes semblaient parfaits avant peinture. Le bleu a r\u00e9v\u00e9l\u00e9 des joints fort peu sympathiques.\u00a0Quitte \u00e0 mastiquer (je parle du kit, bien s\u00fbr), j&rsquo;ai repris deux trois joints (je parle des \u00e9carts entre les pi\u00e8ces, bien s\u00fbr) que j&rsquo;avais quelques peu feins d&rsquo;ignorer&#8230;<\/p>\n<p><img class=\"\" src=\"http:\/\/farm9.staticflickr.com\/8097\/8366252584_8649c39854.jpg\" alt=\"\" \/><img class=\"\" src=\"http:\/\/farm9.staticflickr.com\/8330\/8366252394_0de16a4b09.jpg\" alt=\"\" \/><br \/>\n<img class=\"\" src=\"http:\/\/farm9.staticflickr.com\/8495\/8365181063_e42ceee088.jpg\" alt=\"\" \/><img class=\"\" src=\"http:\/\/farm9.staticflickr.com\/8192\/8365180743_f6347a269f.jpg\" alt=\"\" \/><\/p>\n<p><strong>LA VIE EN BLEU<\/strong><\/p>\n<p>Apr\u00e8s quelques passionnantes heures de pon\u00e7age, le r\u00e9sultat est tout de m\u00eame plus attrayant. Bon&#8230; je fais le fier mais j&rsquo;ai tout de m\u00eame pass\u00e9 4 couches de cette peinture assez fluide<\/p>\n<p><img class=\"\" src=\"http:\/\/farm9.staticflickr.com\/8082\/8366251784_8a956cb22c.jpg\" alt=\"\" \/><img class=\"\" src=\"http:\/\/farm9.staticflickr.com\/8466\/8365180411_bdcdedb973.jpg\" alt=\"\" \/><br \/>\n<img class=\"\" src=\"http:\/\/farm9.staticflickr.com\/8094\/8366251446_6ee1f218fe.jpg\" alt=\"\" \/><\/p>\n<p><strong>SAND ME AN ANGEL<\/strong><\/p>\n<p>Port\u00e9 par ma bonne \u00e9toile, j&rsquo;ai encha\u00een\u00e9 direct avec la peinture du dessus. Pour ce faire, j&rsquo;ai inaugur\u00e9 un pot d&rsquo;humbrol sable de la gamme acrylic. C&rsquo;est une premi\u00e8re pour Moi qui travaille quasi exclusivement \u00e0 l&rsquo;humbrol enamel.<\/p>\n<p>Par habitude, j&rsquo;ai dilu\u00e9 la peinture avec du liquide lave-glace.\u00a0Par habitude \u00e9galement, j&rsquo;ai attendu une bonne nuit de s\u00e9chage avant de voir le r\u00e9sultat (ce qui ne sert \u00e0 rien puisque l&rsquo;acrylique s\u00e8che en quelques minutes).<\/p>\n<p>Non sans une excitation certaine, j&rsquo;ai pris l&rsquo;aile dans mes mains et j&rsquo;ai d\u00e9couvert&#8230; une peinture sans grande densit\u00e9&#8230; passablement stri\u00e9e malgr\u00e9 ma dilution&#8230; et comportant des petits grains fort disgracieux<\/p>\n<p><img class=\"\" src=\"http:\/\/farm9.staticflickr.com\/8377\/8366251270_26a2971f08.jpg\" alt=\"\" \/><img class=\"\" src=\"http:\/\/farm9.staticflickr.com\/8518\/8366250904_8ab99e9d56.jpg\" alt=\"\" \/><br \/>\n<img class=\"\" src=\"http:\/\/farm9.staticflickr.com\/8213\/8365179865_ff26757d3b.jpg\" alt=\"\" \/><\/p>\n<p>Apr\u00e8s quelques secondes de d\u00e9sespoir, j&rsquo;ai conclu&#8230; de ne rien conclure puisqu&rsquo;il s&rsquo;agissait d&rsquo;une premi\u00e8re avec ce pot neuf. Apr\u00e8s un bon pon\u00e7age, je repasserais une couche dilu\u00e9e \u00e0 l&rsquo;eau.<\/p>\n<p><strong>\u00d4 KLIRAGE, \u00d4 DESESPOIR<\/strong><\/p>\n<p>Pour me remettre de ma d\u00e9ception (bien r\u00e9elle), j&rsquo;ai \u00e9t\u00e9 voir le r\u00e9sultat du bain de klir que j&rsquo;ai appliqu\u00e9 aux pi\u00e8ces transparentes.<\/p>\n<p>Je vous la fait courte : c&rsquo;est pas beau&#8230;<\/p>\n<p>En s\u00e9chant, le klir a laiss\u00e9 de vilaines traces, et ce, malgr\u00e9 un \u00e9gouttage assez minutieux.\u00a0Vu que la m\u00eame m\u00e9saventure est arriv\u00e9e \u00e0 deux reprises \u00e0 mon Potez 63.11, j&rsquo;en conclue que mon bidon de klir doit \u00eatre un peu trop vieux.\u00a0Direction le bain de glanzer pour reprendre tout \u00e7a.<\/p>\n<p>Conclusion de ce post : quand \u00e7a veux pas&#8230; et bin \u00e7a veux pas !<\/p>\n<p>A bient\u00f4t pour de nouvelles aventures.<\/p>\n<\/div>\n<div><\/div>\n<\/div>\n<\/div>\n<div>\n<div>CIAO \/ Fr\u00e9d\u00e9ric<\/div>\n<div>* \u00a0* \u00a0* \u00a0* \u00a0* \u00a0* \u00a0* \u00a0* \u00a0*<\/div>\n<\/div>\n<div>\n<div class=\"postbody-head postdetails post-header\">\n<p class=\"author\">Dim 13 Jan 2013 &#8211; 1:23<\/p>\n<\/div>\n<div class=\"post-entry\">\n<div>\n<p>Salut,<\/p>\n<p>Comme une expression d&rsquo;origine ind\u00e9termin\u00e9e : \u00ab\u00a0<i>Il ne faut jamais rester sur un nez Tch\u00e8que<\/i>\u00a0\u00bb<\/p>\n<p><strong>HASTA LA VISTA&#8230; SAND OF A BEACH<\/strong><\/p>\n<p>L&rsquo;avion \u00e0 re\u00e7u un pon\u00e7age en r\u00e8gle au papier Tamiya P1200 puis P2000. L&rsquo;id\u00e9e est de faire des passes tr\u00e8\u00e8\u00e8\u00e8\u00e8s l\u00e9g\u00e8res pour surfacer la peinture rat\u00e9. Le r\u00e9sultat est l\u00e0 si ce n&rsquo;est que les lignes de structure reste charg\u00e9e d&rsquo;une 1\u00e8re couche. Le jus sera donc un peu plus d\u00e9licat \u00e0 appliquer.\u00a0Par contre, la technique est plus simple que le d\u00e9cap four dont l&rsquo;application ne fait pas toujours dans la dentelle&#8230;<\/p>\n<p><img class=\"\" src=\"http:\/\/farm9.staticflickr.com\/8375\/8373882669_ddd6ee9766_z.jpg\" alt=\"\" \/><\/p>\n<p><strong>A L&rsquo;EAU ? A L&rsquo;EAU ?!<\/strong><\/p>\n<p>Chose promise, chose bu (hips !), j&rsquo;ai repass\u00e9 une 1\u00e8re couche de cette peinture acrylique avec de l&rsquo;eau et&#8230; miracle ! La peinture s&rsquo;applique sans probl\u00e8me.<\/p>\n<p><img class=\"\" src=\"http:\/\/farm9.staticflickr.com\/8076\/8373882857_1d2206ef31_z.jpg\" alt=\"\" \/><br \/>\n<img class=\"\" src=\"http:\/\/farm9.staticflickr.com\/8196\/8373883253_7f02bc44b1_z.jpg\" alt=\"\" \/><\/p>\n<p>Du coup, je suis moins inquiet pour la 2\u00e8me couche&#8230;<\/p>\n<p><strong>KLIR 1-1 GLANZER<\/strong><\/p>\n<p>N&rsquo;\u00e9coutant que mon courage et ma l\u00e9gendaire patience (&#8230; qui commence pourtant a atteindre ses limites concernant le klir) j&rsquo;ai retir\u00e9 le klir de ma verri\u00e8re avec du glanzer.<\/p>\n<p>Apr\u00e8s un nettoyage \u00e0 l&rsquo;eau savonneuse suivi d&rsquo;un rin\u00e7age, j&rsquo;ai retrouv\u00e9 mes verri\u00e8res telles qu&rsquo;elles \u00e9taient \u00e0 l&rsquo;origine, c&rsquo;est-\u00e0-dire avec de petite griffures \u00e7a et l\u00e0.<\/p>\n<p>Je vais pourtant m&rsquo;en content\u00e9 car entre deux maux, je pr\u00e9f\u00e8re prendre le plus moins pire.<\/p>\n<p>A bient\u00f4t pour de nouvelles aventures.<\/p>\n<\/div>\n<div><\/div>\n<\/div>\n<\/div>\n<div>\n<div>CIAO \/ Fr\u00e9d\u00e9ric<\/div>\n<div>* \u00a0* \u00a0* \u00a0* \u00a0* \u00a0* \u00a0* \u00a0* \u00a0*<\/div>\n<\/div>\n<div>\n<div>\n<div class=\"postbody-head postdetails post-header\">\n<div class=\"postbody-head postdetails post-header\">\n<p class=\"author\">Ven 1 F\u00e9v 2013 &#8211; 1:32<\/p>\n<\/div>\n<div class=\"post-entry\">\n<div>\n<p>Salut,<\/p>\n<p><strong>CHI VA PIANO, VA FAIRE LES CARREAUX<\/strong><\/p>\n<p>J&rsquo;ai un peu tra\u00een\u00e9 sur mon aile volante. La faute \u00e0 cette <span style=\"text-decoration: line-through;\">P&#8230;<\/span> ennuyeuse verri\u00e8re ! Pour Moi qui suis plut\u00f4t habitu\u00e9 aux jets, j&rsquo;ai eu bien du mal \u00e0 masquer les petits carreaux de ce warbird (imaginaire). In fine, je l&rsquo;ai eu \u00e0 l&rsquo;usure et j&rsquo;ai termin\u00e9 par quelques gouttes de maskol (Humbrol) au centre de chaque vitre<\/p>\n<\/div>\n<div><\/div>\n<div><img class=\"\" src=\"http:\/\/farm9.staticflickr.com\/8366\/8402832201_429e6c6a14.jpg\" alt=\"\" \/><br \/>\n<img class=\"\" src=\"http:\/\/farm9.staticflickr.com\/8353\/8402831795_6f9507a50a.jpg\" alt=\"\" \/><img class=\"\" src=\"http:\/\/farm9.staticflickr.com\/8465\/8434242674_0a0b9ff7e3.jpg\" alt=\"\" \/><img class=\"\" src=\"http:\/\/farm9.staticflickr.com\/8221\/8433155973_e07396d412.jpg\" alt=\"\" \/><strong>COUCHE DE SABLE<\/strong>Apr\u00e8s cet interm\u00e8de fort p\u00e9nible, j&rsquo;ai replong\u00e9 dans la peinture (enfin, pas Moi&#8230; mes pinceaux surtout). La seconde est ultime couche de sable est appliqu\u00e9e. Je reste assez mitig\u00e9 sur la finesse de cette peinture. A revoir dans un autre contexte&#8230;<img class=\"\" src=\"http:\/\/farm9.staticflickr.com\/8047\/8434242448_3c41d9a8f2.jpg\" alt=\"\" \/><img class=\"\" src=\"http:\/\/farm9.staticflickr.com\/8085\/8434242356_85cd3a39e9.jpg\" alt=\"\" \/><strong>DU VERT QUI TACHE<\/strong><\/p>\n<p>Pour appliquer les t\u00e2ches de vert, j&rsquo;ai utilis\u00e9 mes pinceaux que j&rsquo;ai fort intelligemment baptis\u00e9 \u00ab\u00a0sp\u00e9cial t\u00e2ches\u00a0\u00bb. Il s&rsquo;agit d&rsquo;anciennes brosses rondes coup\u00e9es \u00e0 mi-longueur de poil. La forme de pyramide invers\u00e9s est id\u00e9ale pour des d\u00e9corations de type mouchetis et autres pattes de mouches<\/p>\n<p><img class=\"\" src=\"http:\/\/farm9.staticflickr.com\/8499\/8433158801_75236d37a1.jpg\" alt=\"\" \/><img class=\"\" src=\"http:\/\/farm9.staticflickr.com\/8356\/8434245336_8e63375a6e.jpg\" alt=\"\" \/><\/p>\n<p>Pour info, je fait mes mouchetis en tapotant le pinceau \u00ab\u00a0sp\u00e9ciale t\u00e2ches\u00a0\u00bb perpendiculairement au fuselage. La peinture doit \u00eatre assez dilu\u00e9e et le pinceau assez peu charg\u00e9. Il est pr\u00e9f\u00e9rable de faire deux passes l\u00e9g\u00e8res plut\u00f4t que des p\u00e2t\u00e9s du 1er coup !<\/p>\n<p>Mais je m&rsquo;\u00e9gare&#8230; Sur mon Arado , j&rsquo;ai \u00ab\u00a0dessin\u00e9\u00a0\u00bb les contours des t\u00e2ches avec le plus petit de mes fameux (fumeux ?) pinceaux. La forme conique g\u00e9n\u00e8re naturellement des dessins irr\u00e9guliers. M\u00eame remarque que pour les mouchetis, la peinture est tr\u00e8\u00e8\u00e8\u00e8s dilu\u00e9e. Je pr\u00e9vois donc de refaire un couche en insistant sur le centre des t\u00e2ches vertes pour faire un effet de d\u00e9grad\u00e9<\/p>\n<p>Bon&#8230; OK&#8230; J&rsquo;en vois deux qui dorment au fond et les autres ont les yeux riv\u00e9s sur leur smartphone.\u00a0Allez, place aux images !<\/p>\n<p><img class=\"\" src=\"http:\/\/farm9.staticflickr.com\/8333\/8434243192_ce94f0e579.jpg\" alt=\"\" \/><img class=\"\" src=\"http:\/\/farm9.staticflickr.com\/8509\/8434242978_b99815dd29.jpg\" alt=\"\" \/><br \/>\n<img class=\"\" src=\"http:\/\/farm9.staticflickr.com\/8476\/8433156299_f649a73ffb.jpg\" alt=\"\" \/><img class=\"\" src=\"http:\/\/farm9.staticflickr.com\/8185\/8433156177_d205790953.jpg\" alt=\"\" \/><br \/>\n<img class=\"\" src=\"http:\/\/farm9.staticflickr.com\/8324\/8434243094_a07ec37e46_z.jpg\" alt=\"\" \/><\/p>\n<p><strong>TOUT LE MONDE EST PRET ?&#8230; MOTEUR !<\/strong><\/p>\n<p>Je ne vous ai pas encore parl\u00e9 du bloc moteur&#8230; et pour cause ! J&rsquo;ai mal compris le plan car j&rsquo;ai coll\u00e9 les deux demi-coquilles beaucoup trop t\u00f4t<\/p>\n<\/div>\n<div>\n<p><img class=\"\" src=\"http:\/\/farm9.staticflickr.com\/8054\/8433156979_b3798dce5a.jpg\" alt=\"\" \/>Muni d&rsquo;un pinceau inhib\u00e9 d&rsquo;essence F et de mon couteau, j&rsquo;ai d\u00e9coll\u00e9 ces pi\u00e8ces<\/p>\n<\/div>\n<div><img class=\"\" src=\"http:\/\/farm9.staticflickr.com\/8515\/8434243414_35c5fdfc6b.jpg\" alt=\"\" \/>&#8230; ce qui me permettra de placer les entr\u00e9es d&rsquo;air et les tuy\u00e8res. Ces derni\u00e8res sont en fait semi-noy\u00e9es dans les demi-coquilles (montage \u00e0 blanc)<br \/>\n<img class=\"\" src=\"http:\/\/farm9.staticflickr.com\/8510\/8433156789_11c153d3d6.jpg\" alt=\"\" \/><\/div>\n<div><\/div>\n<div>\n<p>La prochaine fois, je terminerais le bloc moteur et les t\u00e2ches vertes&#8230; ou pasA bient\u00f4t pour de nouvelles aventures.<\/p>\n<\/div>\n<\/div>\n<\/div>\n<div class=\"post-entry\">\n<div>CIAO \/ Fr\u00e9d\u00e9ric<\/div>\n<\/div>\n<\/div>\n<div>* \u00a0* \u00a0* \u00a0* \u00a0* \u00a0* \u00a0* \u00a0* \u00a0*<\/div>\n<\/div>\n<div>\n<div class=\"postbody-head postdetails post-header\">\n<p class=\"author\">Mar 19 F\u00e9v 2013 &#8211; 0:56<\/p>\n<\/div>\n<div class=\"post-entry\">\n<div>\n<p>Salut,<\/p>\n<p>Ouh l\u00e0 l\u00e0\u00e0\u00e0\u00e0\u00e0 ! La derni\u00e8re mise \u00e0 jour commence \u00e0 sentir le moisi \u00a0!<\/p>\n<p><strong>MOTEURS !<\/strong><\/p>\n<p>Comme indiqu\u00e9 dans mon post pr\u00e9c\u00e9dent, j&rsquo;ai d\u00fb corriger le d\u00e9collage intempestif des moteurs<\/p>\n<p><img class=\"\" src=\"http:\/\/farm9.staticflickr.com\/8493\/8442052229_1cb2bbb28f_z.jpg\" alt=\"\" \/><\/p>\n<p>Tr\u00e8s d\u00e9cevant se bloc moteur. Les ajustements sont quasi impossible \u00e0 moins d&rsquo;avoir cinq mains (nota bene : ce qui n&rsquo;est pas mon cas), \u00e9bavurage des tuy\u00e8res vraiment d\u00e9licat \u00e0 r\u00e9aliser, etc. C&rsquo;est \u00e0 mes yeux le point faible du kit. Ce bloc semble avoir \u00e9t\u00e9 fait \u00e0 la va-vite ce qui est fort dommage car son positionnement le rend bien visible&#8230;<\/p>\n<p><strong>JEAN REMET UNE COUCHE<\/strong><\/p>\n<p>Pas grande chose de tr\u00e8s original du c\u00f4t\u00e9 de l&rsquo;aile (&#8230; volante) puisque j&rsquo;ai pass\u00e9 une seconde couche :<\/p>\n<p><img class=\"\" src=\"http:\/\/farm9.staticflickr.com\/8052\/8442051905_58d07acc33_z.jpg\" alt=\"\" \/><br \/>\n<img class=\"\" src=\"http:\/\/farm9.staticflickr.com\/8334\/8442051747_1b394d9216_z.jpg\" alt=\"\" \/><\/p>\n<p>&#8230; suvi d&rsquo;une couche de klir en pr\u00e9vision des d\u00e9calcomanies<\/p>\n<p><img class=\"\" src=\"http:\/\/farm9.staticflickr.com\/8376\/8457263695_4044b9c102.jpg\" alt=\"\" \/><img class=\"\" src=\"http:\/\/farm9.staticflickr.com\/8240\/8458365766_b052f9c5f0.jpg\" alt=\"\" \/><\/p>\n<p><strong>C&rsquo;EST DE LA BOMBE BB !<\/strong><\/p>\n<p>Pour me changer les id\u00e9es, je me suis occup\u00e9 des bombinettes :<\/p>\n<p><img class=\"\" src=\"http:\/\/farm9.staticflickr.com\/8051\/8442052045_d2bcb51d6e.jpg\" alt=\"\" \/><\/p>\n<p>&#8230; que j&rsquo;ai peins en Humbrol 67 TANK GREY (comme le cockpit et les tourelles en fait)<br \/>\n<img class=\"\" src=\"http:\/\/farm9.staticflickr.com\/8501\/8443142830_b422738587.jpg\" alt=\"\" \/><\/p>\n<p>&#8230; puis j&rsquo;ai coll\u00e9 toute la petite famille dans la soute. Les bombes et les trappes sont coll\u00e9es \u00e0 la colle \u00e0 bois (&#8230; la caravane passe)<\/p>\n<p><img class=\"\" src=\"http:\/\/farm9.staticflickr.com\/8232\/8484329275_403d2a1f7e.jpg\" alt=\"\" \/><\/p>\n<p>Pourquoi les avoir coll\u00e9 maintenant ?<\/p>\n<p><u>Et d&rsquo;une<\/u> : je fais ce&rsquo;que j&rsquo;veux<\/p>\n<p><u>Et de deux<\/u> : j&rsquo;ai besoin de coller assez rapidement toutes les pi\u00e8ces sur l&rsquo;appareil afin de d\u00e9terminer le point d&rsquo;\u00e9quilibre. Ceci fait, je pourrais percer les points d&rsquo;attache du stand.<\/p>\n<p><strong>\u00ab\u00a0LA DECALCO MAAANIIIE&#8230;\u00a0\u00bb (air connu)<\/strong><strong><span style=\"color: indigo;\">(*)<\/span><\/strong><\/p>\n<p>On y va pour une bonne partie&#8230; de non rigolade<\/p>\n<p>Je pensais que la planche \u00e9tait impeccable, il n&rsquo;en est rien. D\u00e8s les premiers collage j&rsquo;ai constat\u00e9 que la plupart des stencils affichaient un fort silvering (malgr\u00e9 le klir). D&rsquo;autres d\u00e9cals sont un peu jaun\u00e2tres.\u00a0On verra au final mais je r\u00e9serve mon jugement pour apr\u00e8s la seconde couche de klir<\/p>\n<p><img class=\"\" src=\"http:\/\/farm9.staticflickr.com\/8234\/8485424200_6d7eb2e9d5_z.jpg\" alt=\"\" \/><br \/>\n<img class=\"\" src=\"http:\/\/farm9.staticflickr.com\/8381\/8484333209_398918da43.jpg\" alt=\"\" \/><img class=\"\" src=\"http:\/\/farm9.staticflickr.com\/8510\/8484331833_b410a667a4.jpg\" alt=\"\" \/><img class=\"\" src=\"http:\/\/farm9.staticflickr.com\/8512\/8485421692_bfe0e2fb4e.jpg\" alt=\"\" \/><img class=\"\" src=\"http:\/\/farm9.staticflickr.com\/8230\/8485420486_a1d0acbdc3.jpg\" alt=\"\" \/><\/p>\n<p><strong><span style=\"color: indigo;\">(*) QUIZZ : qui donc chantait cette chanson <img class=\"\" src=\"http:\/\/illiweb.com\/fa\/i\/smiles\/icon_basketball.gif\" alt=\"Basketball\" longdesc=\"http:\/\/1-72.forumgratuit.org\/41\" \/> ?<\/span><\/strong><\/p>\n<p>A bient\u00f4t pour de nouvelles aventures.<\/p>\n<\/div>\n<div>\n<div>CIAO \/ Fr\u00e9d\u00e9ric<\/div>\n<div>* \u00a0* \u00a0* \u00a0* \u00a0* \u00a0* \u00a0* \u00a0* \u00a0*<\/div>\n<\/div>\n<div>\n<div class=\"postbody-head postdetails post-header\">\n<p class=\"author\">Ven 8 Mar 2013 &#8211; 23:31<\/p>\n<p class=\"author\">Salut<\/p>\n<p class=\"author\"><strong>SEANCE DE RATTRAPAGE\u00a0<\/strong><\/p>\n<\/div>\n<div class=\"post-entry\">\n<div>J&rsquo;ai fini par rattraper le retard pris sur ce [beeeeep] bloc moteurs. Au menu : peinture, comble des \u00e9carts \u00e0 la colle \u00e0 bois, retouche de peinture, klir et d\u00e9cals<\/div>\n<div><\/div>\n<div>\n<p><img class=\"\" src=\"http:\/\/farm9.staticflickr.com\/8089\/8503383676_34919de2d9.jpg\" alt=\"\" \/><img class=\"\" src=\"http:\/\/farm9.staticflickr.com\/8514\/8503383880_bc0cb12293.jpg\" alt=\"\" \/><\/p>\n<p>Malgr\u00e9 un couche de klir, la brillance et tout de m\u00eame visible !<\/p>\n<p><strong>TO BAD E. JOHN <\/strong>(traduction libre : \u00ab\u00a0<i>badigeonner<\/i>\u00ab\u00a0)<\/p>\n<p>Pour marquer les lignes de structure, j&rsquo;ai utilis\u00e9 mon nouveau jus pr\u00eat \u00e0 l&#8217;emploi de chez AK Interactive (Enamel wash r\u00e9f. AK 075). A part une odeur pestilentielle d&rsquo;essence, ce jus est vraiment tr\u00e8s agr\u00e9able d&rsquo;usage. On secoue le flacon et c&rsquo;est pr\u00eat\u00a0!<\/p>\n<p><img class=\"\" src=\"http:\/\/farm9.staticflickr.com\/8511\/8535528994_5c722292df_z.jpg\" alt=\"\" \/><\/p>\n<p>Apr\u00e8s une application d\u00e9licate et subtile (&#8230; et l\u00e9g\u00e8rement dilu\u00e9e \u00e0 l&rsquo;essence F). J&rsquo;ai laiss\u00e9 s\u00e9cher un petite demi-heure :<br \/>\n<img class=\"\" src=\"http:\/\/farm9.staticflickr.com\/8102\/8535527418_c77f3637cc.jpg\" alt=\"\" \/><img class=\"\" src=\"http:\/\/farm9.staticflickr.com\/8526\/8535525978_047a5e03ba.jpg\" alt=\"\" \/><\/p>\n<p>&#8230; S&rsquo;en suit une looooogue p\u00e9riode d&rsquo;essuyage dans le sens du vent (relatif) avec de l&rsquo;essuie-tout. Un peu comme pour un jus \u00e0 l&rsquo;huile, on peut revenir pendant quelques temps pour parfaire l&rsquo;essuyage (ce qui est fort pratique lorsqu&rsquo;on travaille \u00e0 la lumi\u00e8re artificielle) :<br \/>\n<img class=\"\" src=\"http:\/\/farm9.staticflickr.com\/8226\/8534416143_e93f194c24.jpg\" alt=\"\" \/><img class=\"\" src=\"http:\/\/farm9.staticflickr.com\/8384\/8534414541_985be5f240.jpg\" alt=\"\" \/><img class=\"\" src=\"http:\/\/farm9.staticflickr.com\/8517\/8535521182_62c085766e.jpg\" alt=\"\" \/><img class=\"\" src=\"http:\/\/farm9.staticflickr.com\/8529\/8534410243_f7aaf63284.jpg\" alt=\"\" \/><\/p>\n<p>Comme je l&rsquo;avais crains, les stencils se comportent de nouveau tr\u00e8s mal sur l&rsquo;intrados&#8230;<\/p>\n<p>[<i>coup de gueule du soir<\/i>] Voila typiquement le type de d\u00e9sagr\u00e9ments qui me donne envie de NE PAS appliquer les stencils. On passe trois plombes sur une peinture, un vernis, un weathering&#8230; et l&rsquo;effet final est g\u00e2ch\u00e9 par des d\u00e9cals quasi illisibles\u00a0[\/<i>coup de gueule du soir<\/i>]<\/p>\n<p><strong>MEME MOTIF&#8230;<\/strong><\/p>\n<p>&#8230; M\u00eame punition pour l&rsquo;extrados :<\/p>\n<p><img class=\"\" src=\"http:\/\/farm9.staticflickr.com\/8380\/8535517236_0004f05b31_c.jpg\" alt=\"\" \/><\/p>\n<p>Ce qui donne ceci au final :<br \/>\n<img class=\"\" src=\"http:\/\/farm9.staticflickr.com\/8243\/8535538314_a3554036fc_z.jpg\" alt=\"\" \/><br \/>\n<img class=\"\" src=\"http:\/\/farm9.staticflickr.com\/8515\/8535531994_01c17a18b6_z.jpg\" alt=\"\" \/><br \/>\n<img class=\"\" src=\"http:\/\/farm9.staticflickr.com\/8370\/8535536640_458bfdc1f4_z.jpg\" alt=\"\" \/><\/p>\n<p>Curieusement, les stencils n&rsquo;ont pas bronch\u00e9 sur la partie sup\u00e9rieure. Va comprendre Charles &#8230;<\/p>\n<p><strong>WHAT&rsquo;S NEXT?<\/strong><\/p>\n<p>La prochaine fois, je ferais les per\u00e7ages pour le stand qui supportera l&rsquo;appareil. Puis, je collerais les derniers petits d\u00e9tails tels que les canons, les parties vitr\u00e9es \/ phares et les trappes de soutes que j&rsquo;ai fort judicieusement arrach\u00e9es en reposant la maquette.<\/p>\n<p>J&rsquo;esp\u00e8re pouvoir le terminer ce week-end car j&rsquo;ai une forte envie d&rsquo;ouvrir une nouvelle bo\u00eete.<\/p>\n<p>A bient\u00f4t pour de nouvelles aventures.<\/p>\n<\/div>\n<\/div>\n<div>CIAO \/ Fr\u00e9d\u00e9ric<\/div>\n<div>* \u00a0* \u00a0* \u00a0* \u00a0* \u00a0* \u00a0* \u00a0* \u00a0*<\/div>\n<div>\n<div class=\"postbody-head postdetails post-header\">\n<p class=\"author\">Mer 13 Mar 2013 &#8211; 17:19<\/p>\n<\/div>\n<div class=\"post-entry\">\n<div>\n<p>Salut,<\/p>\n<p><strong>ARADO LEVE-TOI ET&#8230; VOLE <\/strong><\/p>\n<p>J&rsquo;ai pos\u00e9 le support d&rsquo;exposition (alias Stand base Italeri r\u00e9f. 1293). En fait de pose, c&rsquo;est une histoire qui se r\u00e8gle avec un porte-for\u00eat et beaucoup de finesse. Pour rep\u00e9rer la position id\u00e9ale des per\u00e7ages, j&rsquo;ai pos\u00e9 l&rsquo;avion en \u00e9quilibre sur mes doigts. Comme la position id\u00e9ale \u00e9tait situ\u00e9e en plein dans soute \u00e0 bombe, j&rsquo;ai longuement r\u00e9fl\u00e9chi \u00e0 un repositionnement sur la droite. Apr\u00e8s 2 secondes 40, j&rsquo;ai conclu de toute les mani\u00e8res je n&rsquo;avais pas le choix<\/p>\n<p>Voila le r\u00e9sultat :<\/p>\n<p><img class=\"\" src=\"http:\/\/farm9.staticflickr.com\/8098\/8553866513_777f7ffae5.jpg\" alt=\"\" \/><img class=\"\" src=\"http:\/\/farm9.staticflickr.com\/8526\/8554974224_6f2fc6d6ec.jpg\" alt=\"\" \/><img class=\"\" src=\"http:\/\/farm9.staticflickr.com\/8518\/8554975900_88dbdc1122.jpg\" alt=\"\" \/><\/p>\n<p><strong>IL FAIT BEAU LA DESSOUS ? <\/strong><\/p>\n<p>Dans la bagarre, j&rsquo;ai quelque peu omis une pi\u00e8ce curieuse qui se place sous le nez de l&rsquo;appareil. Les indications de peinture \u00e9tant assez vague (dit-il pour \u00eatre poli), j&rsquo;ai furet\u00e9 sur le net pour d\u00e9terminer comment peindre cette&#8230; chose.<\/p>\n<p>Voila le r\u00e9sultat :<\/p>\n<p><img class=\"\" src=\"http:\/\/farm9.staticflickr.com\/8374\/8554970946_22cc3e67f1.jpg\" alt=\"\" \/><img class=\"\" src=\"http:\/\/farm9.staticflickr.com\/8380\/8554969384_9173e4b844.jpg\" alt=\"\" \/><img class=\"\" src=\"http:\/\/farm9.staticflickr.com\/8520\/8554967776_202c6ae388_z.jpg\" alt=\"\" \/><\/p>\n<p>Oui, je sais&#8230; on dirait un masque de protection pour la soudure \u00e0 l&rsquo;arc<\/p>\n<p><strong>RESTE AFFAIRE ?<\/strong><\/p>\n<p>J&rsquo;en arrive au moment qui m&rsquo;horripile le plus dans un kit : les finitions. Apr\u00e8s avoir pris mon courage \u00e0 trois mains, j&rsquo;ai pass\u00e9 en revue toute les petites choses qui restaient \u00e0 faire : antennes, retouches diverses, grattages&#8230;<\/p>\n<p>J&rsquo;ai fini tout cela en d\u00e9but d&rsquo;apr\u00e8s-midi et&#8230; bin mon Arado est termin\u00e9 \u00a0!<\/p>\n<\/div>\n<div>.<br \/>\n.<br \/>\n.<br \/>\nEnfin, presque car il s\u00e8che.Voici tout de m\u00eame, en avant premi\u00e8re mondiiiiiale et en exxxxxxclusivit\u00e9 sur 1-72 mon Arado E.555 version Afrika corps :<img class=\"\" src=\"http:\/\/farm9.staticflickr.com\/8097\/8554982688_78a8d6722a_z.jpg\" alt=\"\" \/><br \/>\n<img class=\"\" src=\"http:\/\/farm9.staticflickr.com\/8530\/8553879381_60529b8de4_z.jpg\" alt=\"\" \/><br \/>\n<img class=\"\" src=\"http:\/\/farm9.staticflickr.com\/8524\/8554981072_742ebac683_z.jpg\" alt=\"\" \/><br \/>\n<img class=\"\" src=\"http:\/\/farm9.staticflickr.com\/8386\/8554979312_7c9d253bc7_z.jpg\" alt=\"\" \/><br \/>\n<img class=\"\" src=\"http:\/\/farm9.staticflickr.com\/8096\/8553871703_f1f633fd23_z.jpg\" alt=\"\" \/><br \/>\n<img class=\"\" src=\"http:\/\/farm9.staticflickr.com\/8369\/8554984118_62ecc1fa5c_c.jpg\" alt=\"\" \/><\/p>\n<p>Vous trouverez\u00a0les photos finish\u00a0sur ce lien :\u00a0http:\/\/karuli.net\/blog\/aeronefs\/operation-kill-the-king\/<\/p>\n<p>Sinon, je vous remercie pour vos conseils et encouragements qui m&rsquo;ont sympathiquement accompagn\u00e9s durant ce montage<\/p>\n<\/div>\n<\/div>\n<\/div>\n<\/div>\n<\/div>\n<div>\n<div>CIAO \/ Fr\u00e9d\u00e9ric<\/div>\n<div>* \u00a0* \u00a0* \u00a0* \u00a0* \u00a0* \u00a0* \u00a0* \u00a0*<\/div>\n<\/div>\n<\/div>\n","protected":false},"excerpt":{"rendered":"<p>Mar 11 D\u00e9c 2012 &#8211; 0:32 Salut, Pour me changer les id\u00e9es, j&rsquo;ai entam\u00e9 ce kit hier soir. Pour \u00eatre plus pr\u00e9cis, je devrais dire : sortie du stock et rep\u00e9rage des d\u00e9cos possibles, hier soir. D\u00e9grappage de quelques pi\u00e8ces&#8230; et collage dans la foul\u00e9e ce soir : Sinon, je n&rsquo;ai pas pu r\u00e9sister \u00e0 &hellip; <a href=\"http:\/\/karuli.net\/blog\/detail-des-montages\/montage-arado-ar-e-555-revell-172\/\" class=\"more-link\">Continuer la lecture de <span class=\"screen-reader-text\">Montage Arado Ar E 555  [Revell 1\/72]<\/span> <span class=\"meta-nav\">&rarr;<\/span><\/a><\/p>\n","protected":false},"author":3,"featured_media":0,"comment_status":"open","ping_status":"open","sticky":false,"template":"","format":"standard","meta":{"_exactmetrics_skip_tracking":false,"_exactmetrics_sitenote_active":false,"_exactmetrics_sitenote_note":"","_exactmetrics_sitenote_category":0,"spay_email":"","jetpack_publicize_message":"","jetpack_is_tweetstorm":false},"categories":[16,224],"tags":[23,189,225,190],"yoast_head":"<!-- This site is optimized with the Yoast SEO plugin v16.9 - https:\/\/yoast.com\/wordpress\/plugins\/seo\/ -->\n<meta name=\"robots\" content=\"index, follow, max-snippet:-1, max-image-preview:large, max-video-preview:-1\" \/>\n<link rel=\"canonical\" href=\"https:\/\/karuli.net\/blog\/detail-des-montages\/montage-arado-ar-e-555-revell-172\/\" \/>\n<meta property=\"og:locale\" content=\"fr_FR\" \/>\n<meta property=\"og:type\" content=\"article\" \/>\n<meta property=\"og:title\" content=\"Montage Arado Ar E 555 [Revell 1\/72] - Plan\u00e8te sletch\" \/>\n<meta property=\"og:description\" content=\"Mar 11 D\u00e9c 2012 &#8211; 0:32 Salut, Pour me changer les id\u00e9es, j&rsquo;ai entam\u00e9 ce kit hier soir. Pour \u00eatre plus pr\u00e9cis, je devrais dire : sortie du stock et rep\u00e9rage des d\u00e9cos possibles, hier soir. D\u00e9grappage de quelques pi\u00e8ces&#8230; et collage dans la foul\u00e9e ce soir : Sinon, je n&rsquo;ai pas pu r\u00e9sister \u00e0 &hellip; Continuer la lecture de Montage Arado Ar E 555 [Revell 1\/72] &rarr;\" \/>\n<meta property=\"og:url\" content=\"https:\/\/karuli.net\/blog\/detail-des-montages\/montage-arado-ar-e-555-revell-172\/\" \/>\n<meta property=\"og:site_name\" content=\"Plan\u00e8te sletch\" \/>\n<meta property=\"article:publisher\" content=\"https:\/\/www.facebook.com\/planete.sletch.3\" \/>\n<meta property=\"article:published_time\" content=\"2016-08-12T21:22:54+00:00\" \/>\n<meta property=\"article:modified_time\" content=\"2016-08-12T21:29:45+00:00\" \/>\n<meta property=\"og:image\" content=\"http:\/\/farm9.staticflickr.com\/8495\/8259830231_188600816d_z.jpg\" \/>\n<meta name=\"twitter:card\" content=\"summary\" \/>\n<meta name=\"twitter:label1\" content=\"\u00c9crit par\" \/>\n\t<meta name=\"twitter:data1\" content=\"sletch\" \/>\n\t<meta name=\"twitter:label2\" content=\"Dur\u00e9e de lecture est.\" \/>\n\t<meta name=\"twitter:data2\" content=\"13 minutes\" \/>\n<script type=\"application\/ld+json\" class=\"yoast-schema-graph\">{\"@context\":\"https:\/\/schema.org\",\"@graph\":[{\"@type\":\"WebSite\",\"@id\":\"http:\/\/karuli.net\/blog\/#website\",\"url\":\"http:\/\/karuli.net\/blog\/\",\"name\":\"Plan\\u00e8te sletch\",\"description\":\"Le fief de la maquette\",\"potentialAction\":[{\"@type\":\"SearchAction\",\"target\":{\"@type\":\"EntryPoint\",\"urlTemplate\":\"http:\/\/karuli.net\/blog\/?s={search_term_string}\"},\"query-input\":\"required name=search_term_string\"}],\"inLanguage\":\"fr-FR\"},{\"@type\":\"ImageObject\",\"@id\":\"https:\/\/karuli.net\/blog\/detail-des-montages\/montage-arado-ar-e-555-revell-172\/#primaryimage\",\"inLanguage\":\"fr-FR\",\"url\":\"http:\/\/farm9.staticflickr.com\/8495\/8259830231_188600816d_z.jpg\",\"contentUrl\":\"http:\/\/farm9.staticflickr.com\/8495\/8259830231_188600816d_z.jpg\"},{\"@type\":\"WebPage\",\"@id\":\"https:\/\/karuli.net\/blog\/detail-des-montages\/montage-arado-ar-e-555-revell-172\/#webpage\",\"url\":\"https:\/\/karuli.net\/blog\/detail-des-montages\/montage-arado-ar-e-555-revell-172\/\",\"name\":\"Montage Arado Ar E 555 [Revell 1\/72] - Plan\\u00e8te sletch\",\"isPartOf\":{\"@id\":\"http:\/\/karuli.net\/blog\/#website\"},\"primaryImageOfPage\":{\"@id\":\"https:\/\/karuli.net\/blog\/detail-des-montages\/montage-arado-ar-e-555-revell-172\/#primaryimage\"},\"datePublished\":\"2016-08-12T21:22:54+00:00\",\"dateModified\":\"2016-08-12T21:29:45+00:00\",\"author\":{\"@id\":\"http:\/\/karuli.net\/blog\/#\/schema\/person\/3658ba0f5c9394c14578b8b6587b07b7\"},\"breadcrumb\":{\"@id\":\"https:\/\/karuli.net\/blog\/detail-des-montages\/montage-arado-ar-e-555-revell-172\/#breadcrumb\"},\"inLanguage\":\"fr-FR\",\"potentialAction\":[{\"@type\":\"ReadAction\",\"target\":[\"https:\/\/karuli.net\/blog\/detail-des-montages\/montage-arado-ar-e-555-revell-172\/\"]}]},{\"@type\":\"BreadcrumbList\",\"@id\":\"https:\/\/karuli.net\/blog\/detail-des-montages\/montage-arado-ar-e-555-revell-172\/#breadcrumb\",\"itemListElement\":[{\"@type\":\"ListItem\",\"position\":1,\"name\":\"Accueil\",\"item\":\"http:\/\/karuli.net\/blog\/\"},{\"@type\":\"ListItem\",\"position\":2,\"name\":\"Montage Arado Ar E 555 [Revell 1\/72]\"}]},{\"@type\":\"Person\",\"@id\":\"http:\/\/karuli.net\/blog\/#\/schema\/person\/3658ba0f5c9394c14578b8b6587b07b7\",\"name\":\"sletch\",\"image\":{\"@type\":\"ImageObject\",\"@id\":\"http:\/\/karuli.net\/blog\/#personlogo\",\"inLanguage\":\"fr-FR\",\"url\":\"http:\/\/1.gravatar.com\/avatar\/1c1f19af7dc9701b85016e467f549416?s=96&d=mm&r=g\",\"contentUrl\":\"http:\/\/1.gravatar.com\/avatar\/1c1f19af7dc9701b85016e467f549416?s=96&d=mm&r=g\",\"caption\":\"sletch\"},\"url\":\"http:\/\/karuli.net\/blog\/author\/sletch\/\"}]}<\/script>\n<!-- \/ Yoast SEO plugin. -->","yoast_head_json":{"robots":{"index":"index","follow":"follow","max-snippet":"max-snippet:-1","max-image-preview":"max-image-preview:large","max-video-preview":"max-video-preview:-1"},"canonical":"https:\/\/karuli.net\/blog\/detail-des-montages\/montage-arado-ar-e-555-revell-172\/","og_locale":"fr_FR","og_type":"article","og_title":"Montage Arado Ar E 555 [Revell 1\/72] - Plan\u00e8te sletch","og_description":"Mar 11 D\u00e9c 2012 &#8211; 0:32 Salut, Pour me changer les id\u00e9es, j&rsquo;ai entam\u00e9 ce kit hier soir. Pour \u00eatre plus pr\u00e9cis, je devrais dire : sortie du stock et rep\u00e9rage des d\u00e9cos possibles, hier soir. D\u00e9grappage de quelques pi\u00e8ces&#8230; et collage dans la foul\u00e9e ce soir : Sinon, je n&rsquo;ai pas pu r\u00e9sister \u00e0 &hellip; Continuer la lecture de Montage Arado Ar E 555 [Revell 1\/72] &rarr;","og_url":"https:\/\/karuli.net\/blog\/detail-des-montages\/montage-arado-ar-e-555-revell-172\/","og_site_name":"Plan\u00e8te sletch","article_publisher":"https:\/\/www.facebook.com\/planete.sletch.3","article_published_time":"2016-08-12T21:22:54+00:00","article_modified_time":"2016-08-12T21:29:45+00:00","og_image":[{"url":"http:\/\/farm9.staticflickr.com\/8495\/8259830231_188600816d_z.jpg"}],"twitter_card":"summary","twitter_misc":{"\u00c9crit par":"sletch","Dur\u00e9e de lecture est.":"13 minutes"},"schema":{"@context":"https:\/\/schema.org","@graph":[{"@type":"WebSite","@id":"http:\/\/karuli.net\/blog\/#website","url":"http:\/\/karuli.net\/blog\/","name":"Plan\u00e8te sletch","description":"Le fief de la maquette","potentialAction":[{"@type":"SearchAction","target":{"@type":"EntryPoint","urlTemplate":"http:\/\/karuli.net\/blog\/?s={search_term_string}"},"query-input":"required name=search_term_string"}],"inLanguage":"fr-FR"},{"@type":"ImageObject","@id":"https:\/\/karuli.net\/blog\/detail-des-montages\/montage-arado-ar-e-555-revell-172\/#primaryimage","inLanguage":"fr-FR","url":"http:\/\/farm9.staticflickr.com\/8495\/8259830231_188600816d_z.jpg","contentUrl":"http:\/\/farm9.staticflickr.com\/8495\/8259830231_188600816d_z.jpg"},{"@type":"WebPage","@id":"https:\/\/karuli.net\/blog\/detail-des-montages\/montage-arado-ar-e-555-revell-172\/#webpage","url":"https:\/\/karuli.net\/blog\/detail-des-montages\/montage-arado-ar-e-555-revell-172\/","name":"Montage Arado Ar E 555 [Revell 1\/72] - Plan\u00e8te sletch","isPartOf":{"@id":"http:\/\/karuli.net\/blog\/#website"},"primaryImageOfPage":{"@id":"https:\/\/karuli.net\/blog\/detail-des-montages\/montage-arado-ar-e-555-revell-172\/#primaryimage"},"datePublished":"2016-08-12T21:22:54+00:00","dateModified":"2016-08-12T21:29:45+00:00","author":{"@id":"http:\/\/karuli.net\/blog\/#\/schema\/person\/3658ba0f5c9394c14578b8b6587b07b7"},"breadcrumb":{"@id":"https:\/\/karuli.net\/blog\/detail-des-montages\/montage-arado-ar-e-555-revell-172\/#breadcrumb"},"inLanguage":"fr-FR","potentialAction":[{"@type":"ReadAction","target":["https:\/\/karuli.net\/blog\/detail-des-montages\/montage-arado-ar-e-555-revell-172\/"]}]},{"@type":"BreadcrumbList","@id":"https:\/\/karuli.net\/blog\/detail-des-montages\/montage-arado-ar-e-555-revell-172\/#breadcrumb","itemListElement":[{"@type":"ListItem","position":1,"name":"Accueil","item":"http:\/\/karuli.net\/blog\/"},{"@type":"ListItem","position":2,"name":"Montage Arado Ar E 555 [Revell 1\/72]"}]},{"@type":"Person","@id":"http:\/\/karuli.net\/blog\/#\/schema\/person\/3658ba0f5c9394c14578b8b6587b07b7","name":"sletch","image":{"@type":"ImageObject","@id":"http:\/\/karuli.net\/blog\/#personlogo","inLanguage":"fr-FR","url":"http:\/\/1.gravatar.com\/avatar\/1c1f19af7dc9701b85016e467f549416?s=96&d=mm&r=g","contentUrl":"http:\/\/1.gravatar.com\/avatar\/1c1f19af7dc9701b85016e467f549416?s=96&d=mm&r=g","caption":"sletch"},"url":"http:\/\/karuli.net\/blog\/author\/sletch\/"}]}},"jetpack_featured_media_url":"","jetpack_publicize_connections":[],"jetpack_sharing_enabled":true,"jetpack_shortlink":"https:\/\/wp.me\/p7txMJ-eQ","jetpack-related-posts":[{"id":1525,"url":"http:\/\/karuli.net\/blog\/aeronefs\/arado-ar-240-c-02\/","url_meta":{"origin":920,"position":0},"title":"Arado Ar-240 C-02","date":"19\/12\/2019","format":false,"excerpt":"L'Arado 240 a une histoire plut\u00f4t... compliqu\u00e9e. J'ai commenc\u00e9 cette maquette en mars 2018 sur un forum voisin. L'id\u00e9e \u00e9tait d'assembler ce kit en 24 heures (si mes souvenirs sont bons). L'id\u00e9e de d\u00e9part \u00e9tait aussi de m'essayer \u00e0 un camouflage \"mouchetis\" \u00e0 l'a\u00e9rographe, c'est-\u00e0-dire, fait de petites mouches de\u2026","rel":"","context":"Dans &quot;A\u00e9ronefs&quot;","img":{"alt_text":"","src":"","width":0,"height":0},"classes":[]},{"id":64,"url":"http:\/\/karuli.net\/blog\/aeronefs\/operation-kill-the-king\/","url_meta":{"origin":920,"position":1},"title":"Op\u00e9ration Kill the king","date":"20\/08\/2013","format":false,"excerpt":"LA LUFTWAFFE RENAIT D\u00e8s l\u2019\u00e9viction des dirigeants Nazis, l\u2019arm\u00e9e Allemande entame un vaste programme de r\u00e9organisation de ses forces. L\u2019avanc\u00e9e des troupes en dehors de l\u2019Europe est d\u00e9sormais stopp\u00e9e. Une phase de stabilisation des fronts et des territoires s\u2019\u00e9tablit sur les fronts Nord, Sud et Est.C\u2019est durant cette p\u00e9riode que\u2026","rel":"","context":"Dans &quot;A\u00e9ronefs&quot;","img":{"alt_text":"","src":"","width":0,"height":0},"classes":[]},{"id":1609,"url":"http:\/\/karuli.net\/blog\/revue-de-kits\/arado-231-v1-mpm-1-48-2\/","url_meta":{"origin":920,"position":2},"title":"Arado 231 v1 [MPM 1\/48]","date":"31\/10\/2022","format":false,"excerpt":"Bonsoir,Je m\u2019aper\u00e7ois que j'ai omis de vous pr\u00e9senter les photos finales de mon\u00a0Arado Ar 231 V1\u00a0\u00a0\u00a0! Mais tout d'abord un petit rappel historique.MINI-BIOL'Ar 231 v1 a \u00e9t\u00e9 con\u00e7u pour \u00eatre embarqu\u00e9 dans des sous-marins.L'hydravion devait pouvoir \u00eatre stock\u00e9, repli\u00e9 dans un tube de 2 m de diam\u00e8tre par 8 de\u2026","rel":"","context":"Dans &quot;Revue de kits&quot;","img":{"alt_text":"","src":"","width":0,"height":0},"classes":[]},{"id":1314,"url":"http:\/\/karuli.net\/blog\/aeronefs\/arado-231-v1-mpm-1-48\/","url_meta":{"origin":920,"position":3},"title":"Arado 231 v1 [MPM 1\/48]","date":"24\/03\/2018","format":false,"excerpt":"Bonsoir, Je m\u2019aper\u00e7ois que j'ai omis de vous pr\u00e9senter les photos finales de mon\u00a0Arado Ar 231 V1\u00a0\u00a0 ! Mais tout d'abord un petit rappel historique. MINI-BIO L'Ar 231 v1 a \u00e9t\u00e9 con\u00e7u pour \u00eatre embarqu\u00e9 dans des sous-marins. L'hydravion devait pouvoir \u00eatre stock\u00e9, repli\u00e9 dans un tube de 2 m\u2026","rel":"","context":"Dans &quot;A\u00e9ronefs&quot;","img":{"alt_text":"","src":"","width":0,"height":0},"classes":[]},{"id":149,"url":"http:\/\/karuli.net\/blog\/le-cosmo-bar\/le-centre-commercial\/a-vendre\/","url_meta":{"origin":920,"position":4},"title":"A vendre","date":"28\/08\/2013","format":false,"excerpt":"*** Mis \u00e0 jour au 31\/10\/18 *** Bonjour, Je me s\u00e9pare de quelques maquettes. Si quelque chose vous tente\u2026 n\u2019h\u00e9sitez pas ! ** ** ** ** ** ** ** ** ** ** ** ** ** ** ** ** ** ** ** ** ** AVIONS 1\/144 Revell Embraer 195 Air Dolomiti\u2026","rel":"","context":"Dans &quot;Le centre commercial&quot;","img":{"alt_text":"","src":"","width":0,"height":0},"classes":[]},{"id":716,"url":"http:\/\/karuli.net\/blog\/aeronefs\/messerschmitt-bf109-g-10-revell-172\/","url_meta":{"origin":920,"position":5},"title":"Messerschmitt Bf109 G-10 [Revell 1\/72]","date":"03\/12\/2014","format":false,"excerpt":"Salut,\u00a0Je vous propose de d\u00e9couvrir le Messerschmitt Bf109 G-10 r\u00e9alis\u00e9 par mon fils (8 ans). Pour ce faire, K-mon a lui-m\u00eame choisi le kit en magasin, assembl\u00e9, choisi la d\u00e9co, peins et appliqu\u00e9 les d\u00e9calcomanies (... avec un petit coup de main de son P\u00e8re en filigrane tout au long\u2026","rel":"","context":"Dans &quot;A\u00e9ronefs&quot;","img":{"alt_text":"","src":"","width":0,"height":0},"classes":[]}],"_links":{"self":[{"href":"http:\/\/karuli.net\/blog\/wp-json\/wp\/v2\/posts\/920"}],"collection":[{"href":"http:\/\/karuli.net\/blog\/wp-json\/wp\/v2\/posts"}],"about":[{"href":"http:\/\/karuli.net\/blog\/wp-json\/wp\/v2\/types\/post"}],"author":[{"embeddable":true,"href":"http:\/\/karuli.net\/blog\/wp-json\/wp\/v2\/users\/3"}],"replies":[{"embeddable":true,"href":"http:\/\/karuli.net\/blog\/wp-json\/wp\/v2\/comments?post=920"}],"version-history":[{"count":5,"href":"http:\/\/karuli.net\/blog\/wp-json\/wp\/v2\/posts\/920\/revisions"}],"predecessor-version":[{"id":925,"href":"http:\/\/karuli.net\/blog\/wp-json\/wp\/v2\/posts\/920\/revisions\/925"}],"wp:attachment":[{"href":"http:\/\/karuli.net\/blog\/wp-json\/wp\/v2\/media?parent=920"}],"wp:term":[{"taxonomy":"category","embeddable":true,"href":"http:\/\/karuli.net\/blog\/wp-json\/wp\/v2\/categories?post=920"},{"taxonomy":"post_tag","embeddable":true,"href":"http:\/\/karuli.net\/blog\/wp-json\/wp\/v2\/tags?post=920"}],"curies":[{"name":"wp","href":"https:\/\/api.w.org\/{rel}","templated":true}]}}